{"id":37157,"date":"2017-01-19T17:37:01","date_gmt":"2017-01-19T15:37:01","guid":{"rendered":"https:\/\/www.giurgiuveanul.ro\/stiri\/?p=37157"},"modified":"2017-01-19T17:37:01","modified_gmt":"2017-01-19T15:37:01","slug":"catena-raspunde-la-acuzatiile-aduse-de-apc-romania","status":"publish","type":"post","link":"https:\/\/www.giurgiuveanul.ro\/stiri\/catena-raspunde-la-acuzatiile-aduse-de-apc-romania\/","title":{"rendered":"Catena r\u0103spunde la acuza\u0163iile aduse de APC Rom\u00e2nia"},"content":{"rendered":"<p style=\"text-align: justify;\"><a href=\"https:\/\/www.giurgiuveanul.ro\/stiri\/wp-content\/uploads\/2017\/01\/decupat_linie_sus_catena-624x326.jpg\"><img loading=\"lazy\" decoding=\"async\" class=\"aligncenter size-large wp-image-37158\" src=\"https:\/\/www.giurgiuveanul.ro\/stiri\/wp-content\/uploads\/2017\/01\/decupat_linie_sus_catena-624x326-560x293.jpg\" alt=\"decupat_linie_sus_catena-624x326\" width=\"560\" height=\"293\" srcset=\"https:\/\/www.giurgiuveanul.ro\/stiri\/wp-content\/uploads\/2017\/01\/decupat_linie_sus_catena-624x326-560x293.jpg 560w, https:\/\/www.giurgiuveanul.ro\/stiri\/wp-content\/uploads\/2017\/01\/decupat_linie_sus_catena-624x326-250x131.jpg 250w, https:\/\/www.giurgiuveanul.ro\/stiri\/wp-content\/uploads\/2017\/01\/decupat_linie_sus_catena-624x326-400x209.jpg 400w, https:\/\/www.giurgiuveanul.ro\/stiri\/wp-content\/uploads\/2017\/01\/decupat_linie_sus_catena-624x326.jpg 624w\" sizes=\"auto, (max-width: 560px) 100vw, 560px\" \/><\/a>Asocia\u0163ia \u201cAPC Rom\u00e2nia\u201d, cunoscut\u0103 \u015fi ca \u201cAsocia\u0163ia pentru Protec\u0163ia Consumatorilor din Rom\u00e2nia\u201d, abonat\u0103 la <!--more-->def\u0103imarea lan\u0163ului de farmacii Catena, a identificat un produs mai pu\u0163in cunoscut publicului larg \u015fi cu consum redus, al c\u0103rui pre\u0163 era cu c\u00e2\u0163iva bani mai scump dec\u00e2t \u00een farmacii apar\u0163in\u00e2nd altor lan\u0163uri concurente.<\/p>\n<p style=\"text-align: justify;\">Consider\u0103m aceasta abordare ca fiind neprofesionist\u0103 \u015fi profund def\u0103imatoare.<\/p>\n<p style=\"text-align: justify;\">Prezent\u0103m mai jos rezultatele unui studiu independent, realizat de o publica\u0163ie de prestigiu \u00een toamna anului trecut, \u00een care sunt analizate cele mai v\u00e2ndute produse OTC din Romania (Nurofen, Aspenter, Aspacardin, Parasinus \u015fi No-spa).<\/p>\n<p style=\"text-align: justify;\">Din rezultatele studiului, se observ\u0103 c\u0103 pacientul pl\u0103te\u015fte \u00een farmaciile Catena un pre\u0163 mai mic la aceste produse comparativ cu alte lan\u0163uri na\u0163ionale sau farmacii independente.<\/p>\n<p style=\"text-align: justify;\"><a href=\"http:\/\/www.zf.ro\/companii\/ce-preturi-au-cele-mai-vandute-medicamente-fara-reteta-in-cinci-lanturi-de-farmacii-produsele-de-raceala-gripa-de-sezon-inregistreaza-variatii-mai-mari-de-pret-15916038\">http:\/\/www.zf.ro\/companii\/ce-preturi-au-cele-mai-vandute-medicamente-fara-reteta-in-cinci-lanturi-de-farmacii-produsele-de-raceala-gripa-de-sezon-inregistreaza-variatii-mai-mari-de-pret-15916038<\/a><\/p>\n<p style=\"text-align: justify;\">\u00cen ceea ce privelte pungile biodegradabile Catena, acestea suport\u0103 taxa de mediu conform legisla\u0163iei din Rom\u00e2nia, deoarece nu sunt confec\u0163ionate din materiale bioregenerabile. Cu alte cuvinte ele trebuie s\u0103 fie men\u0163ionate pe bonul fiscal.<\/p>\n<p style=\"text-align: justify;\">Publicul este informat \u015fi de produsele unde nu se pot oferi reduceri. Aspectele men\u0163ionate sunt minore, dar ne vom ocupa de rezolvarea oric\u0103ror probleme semnalate de consumatorii no\u015ftri, inclusiv posibile confuzii.<\/p>\n<p style=\"text-align: justify;\">Preciz\u0103m c\u0103 APC Rom\u00e2nia nu are nici o leg\u0103tur\u0103 cu ANPC \u2013 Autoritatea Na\u0163ional\u0103 pentru Protec\u0163ia Consumatorilor (http:\/\/www.anpc.gov.ro\/) iar studiul \u00een cauz\u0103 nu este realizat conform regulilor statistice.<\/p>\n<p>&nbsp;<\/p>\n<p><em>Echipa Marketing Online Catena<\/em><\/p>\n","protected":false},"excerpt":{"rendered":"<p>Asocia\u0163ia \u201cAPC Rom\u00e2nia\u201d, cunoscut\u0103 \u015fi ca \u201cAsocia\u0163ia pentru Protec\u0163ia Consumatorilor din Rom\u00e2nia\u201d, abonat\u0103 la<\/p>\n","protected":false},"author":2,"featured_media":0,"comment_status":"open","ping_status":"open","sticky":false,"template":"","format":"standard","meta":{"footnotes":""},"categories":[8],"tags":[],"class_list":["post-37157","post","type-post","status-publish","format-standard","hentry","category-alert-news"],"_links":{"self":[{"href":"https:\/\/www.giurgiuveanul.ro\/stiri\/wp-json\/wp\/v2\/posts\/37157","targetHints":{"allow":["GET"]}}],"collection":[{"href":"https:\/\/www.giurgiuveanul.ro\/stiri\/wp-json\/wp\/v2\/posts"}],"about":[{"href":"https:\/\/www.giurgiuveanul.ro\/stiri\/wp-json\/wp\/v2\/types\/post"}],"author":[{"embeddable":true,"href":"https:\/\/www.giurgiuveanul.ro\/stiri\/wp-json\/wp\/v2\/users\/2"}],"replies":[{"embeddable":true,"href":"https:\/\/www.giurgiuveanul.ro\/stiri\/wp-json\/wp\/v2\/comments?post=37157"}],"version-history":[{"count":0,"href":"https:\/\/www.giurgiuveanul.ro\/stiri\/wp-json\/wp\/v2\/posts\/37157\/revisions"}],"wp:attachment":[{"href":"https:\/\/www.giurgiuveanul.ro\/stiri\/wp-json\/wp\/v2\/media?parent=37157"}],"wp:term":[{"taxonomy":"category","embeddable":true,"href":"https:\/\/www.giurgiuveanul.ro\/stiri\/wp-json\/wp\/v2\/categories?post=37157"},{"taxonomy":"post_tag","embeddable":true,"href":"https:\/\/www.giurgiuveanul.ro\/stiri\/wp-json\/wp\/v2\/tags?post=37157"}],"curies":[{"name":"wp","href":"https:\/\/api.w.org\/{rel}","templated":true}]}}