{"id":37208,"date":"2017-01-22T10:24:25","date_gmt":"2017-01-22T08:24:25","guid":{"rendered":"https:\/\/www.giurgiuveanul.ro\/stiri\/?p=37208"},"modified":"2017-01-22T10:24:25","modified_gmt":"2017-01-22T08:24:25","slug":"peste-200-de-persoane-disparute-sau-pe-numele-carora-existau-mandate-emise-de-instante-depistate-de-politisti-in-ultima-saptamana","status":"publish","type":"post","link":"https:\/\/www.giurgiuveanul.ro\/stiri\/peste-200-de-persoane-disparute-sau-pe-numele-carora-existau-mandate-emise-de-instante-depistate-de-politisti-in-ultima-saptamana\/","title":{"rendered":"Peste 200 de persoane disp\u0103rute sau pe numele c\u0103rora existau mandate emise de instan\u0163e, depistate de poli\u0163i\u015fti \u00een ultima s\u0103pt\u0103m\u00e2n\u0103"},"content":{"rendered":"<p style=\"text-align: justify;\"><strong><a href=\"https:\/\/www.giurgiuveanul.ro\/stiri\/wp-content\/uploads\/2017\/01\/497943-thumb.jpg\"><img loading=\"lazy\" decoding=\"async\" class=\"aligncenter size-large wp-image-37210\" src=\"https:\/\/www.giurgiuveanul.ro\/stiri\/wp-content\/uploads\/2017\/01\/497943-thumb-560x339.jpg\" alt=\"497943-thumb\" width=\"560\" height=\"339\" srcset=\"https:\/\/www.giurgiuveanul.ro\/stiri\/wp-content\/uploads\/2017\/01\/497943-thumb-560x339.jpg 560w, https:\/\/www.giurgiuveanul.ro\/stiri\/wp-content\/uploads\/2017\/01\/497943-thumb-250x151.jpg 250w, https:\/\/www.giurgiuveanul.ro\/stiri\/wp-content\/uploads\/2017\/01\/497943-thumb-400x242.jpg 400w, https:\/\/www.giurgiuveanul.ro\/stiri\/wp-content\/uploads\/2017\/01\/497943-thumb.jpg 620w\" sizes=\"auto, (max-width: 560px) 100vw, 560px\" \/><\/a>Peste 200 de persoane care <!--more-->erau disp\u0103rute sau pe numele c\u0103rora existau mandate emise de instan\u0163ele de judecat\u0103 au fost depistate de poli\u0163i\u015fti \u00een ultima s\u0103pt\u0103m\u00e2n\u0103, potrivit Poli\u0163iei Rom\u00e2ne.<\/strong><\/p>\n<p style=\"text-align: justify;\">Astfel, \u00een perioada 13 &#8211; 19 ianuarie, poli\u0163i\u015ftii din \u0163ar\u0103 au depistat 122 de persoane date disp\u0103rute, dintre care 85 de minori. Ace\u015ftia au fost \u00eencredin\u0163a\u0163i familiilor sau interna\u0163i \u00een centre pentru minori.<\/p>\n<p style=\"text-align: justify;\">De asemenea, au fost depistate 84 de persoane urm\u0103rite &#8211; 62 aveau emise pe numele lor mandate de executare a pedepsei cu \u00eenchisoarea, \u015fase aveau mandate de arestare preventiv\u0103, 12 persoane aveau emise pe numele lor mandate europene de arestare, iar patru aveau emise sentin\u0163e de internare \u00een unit\u0103\u0163i medicale de specialitate.<\/p>\n","protected":false},"excerpt":{"rendered":"<p>Peste 200 de persoane care<\/p>\n","protected":false},"author":2,"featured_media":0,"comment_status":"open","ping_status":"open","sticky":false,"template":"","format":"standard","meta":{"footnotes":""},"categories":[8],"tags":[],"class_list":["post-37208","post","type-post","status-publish","format-standard","hentry","category-alert-news"],"_links":{"self":[{"href":"https:\/\/www.giurgiuveanul.ro\/stiri\/wp-json\/wp\/v2\/posts\/37208","targetHints":{"allow":["GET"]}}],"collection":[{"href":"https:\/\/www.giurgiuveanul.ro\/stiri\/wp-json\/wp\/v2\/posts"}],"about":[{"href":"https:\/\/www.giurgiuveanul.ro\/stiri\/wp-json\/wp\/v2\/types\/post"}],"author":[{"embeddable":true,"href":"https:\/\/www.giurgiuveanul.ro\/stiri\/wp-json\/wp\/v2\/users\/2"}],"replies":[{"embeddable":true,"href":"https:\/\/www.giurgiuveanul.ro\/stiri\/wp-json\/wp\/v2\/comments?post=37208"}],"version-history":[{"count":0,"href":"https:\/\/www.giurgiuveanul.ro\/stiri\/wp-json\/wp\/v2\/posts\/37208\/revisions"}],"wp:attachment":[{"href":"https:\/\/www.giurgiuveanul.ro\/stiri\/wp-json\/wp\/v2\/media?parent=37208"}],"wp:term":[{"taxonomy":"category","embeddable":true,"href":"https:\/\/www.giurgiuveanul.ro\/stiri\/wp-json\/wp\/v2\/categories?post=37208"},{"taxonomy":"post_tag","embeddable":true,"href":"https:\/\/www.giurgiuveanul.ro\/stiri\/wp-json\/wp\/v2\/tags?post=37208"}],"curies":[{"name":"wp","href":"https:\/\/api.w.org\/{rel}","templated":true}]}}