{"id":37212,"date":"2017-01-22T11:14:37","date_gmt":"2017-01-22T09:14:37","guid":{"rendered":"https:\/\/www.giurgiuveanul.ro\/stiri\/?p=37212"},"modified":"2017-01-22T11:15:57","modified_gmt":"2017-01-22T09:15:57","slug":"tir-urile-asteapta-doua-ore-la-intrarea-in-vama-giurgiu","status":"publish","type":"post","link":"https:\/\/www.giurgiuveanul.ro\/stiri\/tir-urile-asteapta-doua-ore-la-intrarea-in-vama-giurgiu\/","title":{"rendered":"TIR-urile a\u015fteapt\u0103 dou\u0103 ore la intrarea \u00een Vama Giurgiu"},"content":{"rendered":"<p style=\"text-align: justify;\"><strong><a href=\"https:\/\/www.giurgiuveanul.ro\/stiri\/wp-content\/uploads\/2017\/01\/865c0c0b4ab0e063e5caa3387c1a8741e1095232a6f94b2f1ef55295495bb77d.jpg\"><img loading=\"lazy\" decoding=\"async\" class=\"aligncenter size-large wp-image-37215\" src=\"https:\/\/www.giurgiuveanul.ro\/stiri\/wp-content\/uploads\/2017\/01\/865c0c0b4ab0e063e5caa3387c1a8741e1095232a6f94b2f1ef55295495bb77d-560x368.jpg\" alt=\"865c0c0b4ab0e063e5caa3387c1a8741e1095232a6f94b2f1ef55295495bb77d\" width=\"560\" height=\"368\" srcset=\"https:\/\/www.giurgiuveanul.ro\/stiri\/wp-content\/uploads\/2017\/01\/865c0c0b4ab0e063e5caa3387c1a8741e1095232a6f94b2f1ef55295495bb77d-560x368.jpg 560w, https:\/\/www.giurgiuveanul.ro\/stiri\/wp-content\/uploads\/2017\/01\/865c0c0b4ab0e063e5caa3387c1a8741e1095232a6f94b2f1ef55295495bb77d-250x164.jpg 250w, https:\/\/www.giurgiuveanul.ro\/stiri\/wp-content\/uploads\/2017\/01\/865c0c0b4ab0e063e5caa3387c1a8741e1095232a6f94b2f1ef55295495bb77d-400x263.jpg 400w, https:\/\/www.giurgiuveanul.ro\/stiri\/wp-content\/uploads\/2017\/01\/865c0c0b4ab0e063e5caa3387c1a8741e1095232a6f94b2f1ef55295495bb77d.jpg 800w\" sizes=\"auto, (max-width: 560px) 100vw, 560px\" \/><\/a>Coloane de TIR-uri care se \u00eentind pe mai mul\u0163i kilometri s-au format, duminic\u0103 diminea\u0163\u0103,<!--more--> la intrarea \u00een Rom\u00e2nia la punctele de trecere a frontierei de la Giurgiu \u015fi Calafat, unde timpul de a\u015fteptare a crescut cu p\u00e2n\u0103 la 200 de minute, dup\u0103 ce sute de autotrenuri care au sta\u0163ionat pe teritoriul Bulgariei \u015fi-au reluat drumul dup\u0103 ridicarea restric\u0163iilor de trafic impuse \u00een aceast\u0103 \u0163ar\u0103. Poli\u0163ia de Frontier\u0103 le recomand\u0103 \u015foferilor de TIR s\u0103 foloseasc\u0103 \u015fi punctele de trecere a grani\u0163ei de la Vama Veche \u015fi Negru Vod\u0103.<\/strong><\/p>\n<p style=\"text-align: justify;\">Sute de TIR-uri care au sta\u0163ionat \u00een ultima perioad\u0103 pe teritoriul Bulgariei, unde au fost impuse restric\u0163ii de trafic din cauza viscolului, a\u015fteapt\u0103 s\u0103 intre \u00een Rom\u00e2nia pe la punctele de trecere a frontierei de la Giurgiu \u015fi Calafat, unde timpul de a\u015fteptare a crescut considerabil dup\u0103 reluarea traficului rutier pentru TIR-uri \u00een Bulgaria.<\/p>\n<p style=\"text-align: justify;\">\u201eCa urmare a faptului c\u0103 s-au ridicat restric\u0163iile de circula\u0163ie pe teritoriul Bulgariei pentru autovehicuele de mare tonaj se constat\u0103 o cre\u015ftere a num\u0103rului de automarfare care se prezin\u0103 la intrarea \u00een \u0163ar\u0103 \u00een punctele de trecere a frontierei Giurgiu \u015fi Calafat. Au crescut timpii de a\u015fteptare \u00een Calafat cu 150 de minute \u015fi Giurgiu cu 200 de minute\u201d, a declarat Cristina Onofrei.<\/p>\n<p style=\"text-align: justify;\">Aceasta nu a precizat pe ce distan\u0163\u0103 se \u00eentind autotrenurile care a\u015fteapt\u0103 s\u0103 intre \u00een \u0163ar\u0103 la cele dou\u0103 puncte de trecere a frontierei, \u00eens\u0103 \u015foferii care intr\u0103 \u00een Rom\u00e2nia sus\u0163in c\u0103 la fiecare dintre cele dou\u0103 v\u0103mi sunt, pe teritoriul Bulgariei, coloane de TIR-uri pe mai mult de cinci kilometri.<\/p>\n<p style=\"text-align: justify;\">La ie\u015firea din \u0163ar\u0103 spre Bulgaria la punctele de trecere de la Giurgiu \u015fi Calafat nu sunt probleme, a ad\u0103ugat reprezentanta Poli\u0163iei de Froniter\u0103 Giurgiu.<\/p>\n<p style=\"text-align: justify;\">Poli\u0163i\u015ftii de frontier\u0103 le recomand\u0103 \u015foferilor de TIR care vor s\u0103 intre \u00een Rom\u00e2nia din Bulgaria s\u0103 foloseasc\u0103 \u015fi punctele de trecere a frontierei Vama Veche \u015fi Negru Vod\u0103, care, de\u015fi mai dep\u0103rtate, sunt singurele mai libere \u00een sudul \u0163\u0103rii.<\/p>\n","protected":false},"excerpt":{"rendered":"<p>Coloane de TIR-uri care se \u00eentind pe mai mul\u0163i kilometri s-au format, duminic\u0103 diminea\u0163\u0103,<\/p>\n","protected":false},"author":2,"featured_media":0,"comment_status":"open","ping_status":"open","sticky":false,"template":"","format":"standard","meta":{"footnotes":""},"categories":[8],"tags":[],"class_list":["post-37212","post","type-post","status-publish","format-standard","hentry","category-alert-news"],"_links":{"self":[{"href":"https:\/\/www.giurgiuveanul.ro\/stiri\/wp-json\/wp\/v2\/posts\/37212","targetHints":{"allow":["GET"]}}],"collection":[{"href":"https:\/\/www.giurgiuveanul.ro\/stiri\/wp-json\/wp\/v2\/posts"}],"about":[{"href":"https:\/\/www.giurgiuveanul.ro\/stiri\/wp-json\/wp\/v2\/types\/post"}],"author":[{"embeddable":true,"href":"https:\/\/www.giurgiuveanul.ro\/stiri\/wp-json\/wp\/v2\/users\/2"}],"replies":[{"embeddable":true,"href":"https:\/\/www.giurgiuveanul.ro\/stiri\/wp-json\/wp\/v2\/comments?post=37212"}],"version-history":[{"count":0,"href":"https:\/\/www.giurgiuveanul.ro\/stiri\/wp-json\/wp\/v2\/posts\/37212\/revisions"}],"wp:attachment":[{"href":"https:\/\/www.giurgiuveanul.ro\/stiri\/wp-json\/wp\/v2\/media?parent=37212"}],"wp:term":[{"taxonomy":"category","embeddable":true,"href":"https:\/\/www.giurgiuveanul.ro\/stiri\/wp-json\/wp\/v2\/categories?post=37212"},{"taxonomy":"post_tag","embeddable":true,"href":"https:\/\/www.giurgiuveanul.ro\/stiri\/wp-json\/wp\/v2\/tags?post=37212"}],"curies":[{"name":"wp","href":"https:\/\/api.w.org\/{rel}","templated":true}]}}