{"id":37218,"date":"2017-01-22T11:30:45","date_gmt":"2017-01-22T09:30:45","guid":{"rendered":"https:\/\/www.giurgiuveanul.ro\/stiri\/?p=37218"},"modified":"2017-01-22T11:33:36","modified_gmt":"2017-01-22T09:33:36","slug":"politistii-giurgiuveni-invitati-sa-se-afilieze-la-sindicatul-europol","status":"publish","type":"post","link":"https:\/\/www.giurgiuveanul.ro\/stiri\/politistii-giurgiuveni-invitati-sa-se-afilieze-la-sindicatul-europol\/","title":{"rendered":"Poli\u0163i\u015ftii giurgiuveni, invita\u0163i s\u0103 se \u00eenscrie \u00een EUROPOL!"},"content":{"rendered":"<p style=\"text-align: justify;\"><strong><a href=\"https:\/\/www.giurgiuveanul.ro\/stiri\/wp-content\/uploads\/2017\/01\/logo-e1479163657883.png\"><img loading=\"lazy\" decoding=\"async\" class=\"aligncenter size-large wp-image-37219\" src=\"https:\/\/www.giurgiuveanul.ro\/stiri\/wp-content\/uploads\/2017\/01\/logo-e1479163657883-560x159.png\" alt=\"logo-e1479163657883\" width=\"560\" height=\"159\" srcset=\"https:\/\/www.giurgiuveanul.ro\/stiri\/wp-content\/uploads\/2017\/01\/logo-e1479163657883-560x159.png 560w, https:\/\/www.giurgiuveanul.ro\/stiri\/wp-content\/uploads\/2017\/01\/logo-e1479163657883-250x71.png 250w, https:\/\/www.giurgiuveanul.ro\/stiri\/wp-content\/uploads\/2017\/01\/logo-e1479163657883-400x114.png 400w, https:\/\/www.giurgiuveanul.ro\/stiri\/wp-content\/uploads\/2017\/01\/logo-e1479163657883.png 654w\" sizes=\"auto, (max-width: 560px) 100vw, 560px\" \/><\/a>To\u021bi poli\u021bi\u0219tii din cadrul IPJ Giurgiu<!--more--> care doresc s\u0103 fac\u0103 parte din noul proiect sindical, EUROPOL, sunt invita\u0163i \u00een data de 27 ianuarie 2017, \u00eencep\u00e2nd cu ora 13:00, \u00een Sala de videoconferin\u021be a Inspectoratului.<\/strong><\/p>\n<p style=\"text-align: justify;\">Potrivit echipei Sindicatului EUROPOL, \u00een prima parte a \u0219edin\u021bei, vor fi alese organele de conducere ale Filialei Sindicatului EUROPOL, respectiv pre\u0219edintele \u0219i vicepre\u0219edin\u021bii, iar \u00een partea a doua, \u00eencep\u00e2nd cu ora 14:00, se va al\u0103tura \u0219i conducerea IPJ Giurgiu, care a confirmat prezen\u021ba.<\/p>\n<p style=\"text-align: justify;\"><em>\u201eApreciem deschiderea manifestat\u0103 de conducerea inspectoratului \u0219i consider\u0103m c\u0103 este necesar ca poli\u021bi\u0219tii s\u0103 discute liber pentru a g\u0103si \u00eempreun\u0103 cele mai bune solu\u021bii. \u00cen acest sens, rug\u0103m poli\u021bi\u0219tii s\u0103 participe \u00een num\u0103r c\u00e2t mai mare pentru a putea dezbate \u0219i acoperi o aria c\u00e2t mai larg\u0103 a problematicii cu care se confrunt\u0103. La \u00eent\u00e2lnire va participa \u0219i pre\u0219edintele Sindicatului EUROPOL, agentul \u0219ef adjunct de poli\u021bie Cosmin Andreica. Pentru orice alte informa\u021bii sau propuneri, nu ezita\u021bi s\u0103 ne contacta\u021bi. Pana la data \u00eent\u00e2lnirii va pute\u021bi \u00eenscrie \u0219i online la <a href=\"http:\/\/sindicateuropol.ro\/vreau-sa-devin-membru\/\">http:\/\/sindicateuropol.ro\/vreau-sa-devin-membru\/<\/a> . Viitorul ne apar\u021bine!\u201d<\/em>, se arat\u0103 \u00een comunicatul EUROPOL.<\/p>\n","protected":false},"excerpt":{"rendered":"<p>To\u021bi poli\u021bi\u0219tii din cadrul IPJ Giurgiu<\/p>\n","protected":false},"author":2,"featured_media":0,"comment_status":"open","ping_status":"open","sticky":false,"template":"","format":"standard","meta":{"footnotes":""},"categories":[8],"tags":[],"class_list":["post-37218","post","type-post","status-publish","format-standard","hentry","category-alert-news"],"_links":{"self":[{"href":"https:\/\/www.giurgiuveanul.ro\/stiri\/wp-json\/wp\/v2\/posts\/37218","targetHints":{"allow":["GET"]}}],"collection":[{"href":"https:\/\/www.giurgiuveanul.ro\/stiri\/wp-json\/wp\/v2\/posts"}],"about":[{"href":"https:\/\/www.giurgiuveanul.ro\/stiri\/wp-json\/wp\/v2\/types\/post"}],"author":[{"embeddable":true,"href":"https:\/\/www.giurgiuveanul.ro\/stiri\/wp-json\/wp\/v2\/users\/2"}],"replies":[{"embeddable":true,"href":"https:\/\/www.giurgiuveanul.ro\/stiri\/wp-json\/wp\/v2\/comments?post=37218"}],"version-history":[{"count":0,"href":"https:\/\/www.giurgiuveanul.ro\/stiri\/wp-json\/wp\/v2\/posts\/37218\/revisions"}],"wp:attachment":[{"href":"https:\/\/www.giurgiuveanul.ro\/stiri\/wp-json\/wp\/v2\/media?parent=37218"}],"wp:term":[{"taxonomy":"category","embeddable":true,"href":"https:\/\/www.giurgiuveanul.ro\/stiri\/wp-json\/wp\/v2\/categories?post=37218"},{"taxonomy":"post_tag","embeddable":true,"href":"https:\/\/www.giurgiuveanul.ro\/stiri\/wp-json\/wp\/v2\/tags?post=37218"}],"curies":[{"name":"wp","href":"https:\/\/api.w.org\/{rel}","templated":true}]}}