{"id":37275,"date":"2017-01-25T08:58:35","date_gmt":"2017-01-25T06:58:35","guid":{"rendered":"https:\/\/www.giurgiuveanul.ro\/stiri\/?p=37275"},"modified":"2017-01-25T08:58:35","modified_gmt":"2017-01-25T06:58:35","slug":"alerta-arde-depozit-de-mobila","status":"publish","type":"post","link":"https:\/\/www.giurgiuveanul.ro\/stiri\/alerta-arde-depozit-de-mobila\/","title":{"rendered":"Alert\u0103! Arde un depozit de mobil\u0103"},"content":{"rendered":"<p style=\"text-align: justify;\"><a href=\"https:\/\/www.giurgiuveanul.ro\/stiri\/wp-content\/uploads\/2017\/01\/IMG-20170124-WA0012.jpg\"><img loading=\"lazy\" decoding=\"async\" class=\"aligncenter size-large wp-image-37276\" src=\"https:\/\/www.giurgiuveanul.ro\/stiri\/wp-content\/uploads\/2017\/01\/IMG-20170124-WA0012-560x389.jpg\" alt=\"IMG-20170124-WA0012\" width=\"560\" height=\"389\" srcset=\"https:\/\/www.giurgiuveanul.ro\/stiri\/wp-content\/uploads\/2017\/01\/IMG-20170124-WA0012-560x389.jpg 560w, https:\/\/www.giurgiuveanul.ro\/stiri\/wp-content\/uploads\/2017\/01\/IMG-20170124-WA0012-250x173.jpg 250w, https:\/\/www.giurgiuveanul.ro\/stiri\/wp-content\/uploads\/2017\/01\/IMG-20170124-WA0012-400x278.jpg 400w, https:\/\/www.giurgiuveanul.ro\/stiri\/wp-content\/uploads\/2017\/01\/IMG-20170124-WA0012.jpg 800w\" sizes=\"auto, (max-width: 560px) 100vw, 560px\" \/><\/a>Un depozit de mobil\u0103 <!--more-->din comuna Clejani, satul Podu Doamnei, a fost mistuit de fl\u0103c\u0103ri, patru autospeciale de pompieri intervenind la fa\u0163a locului. Incendiul s-a declan\u015fat asear\u0103, \u00een jurul orei 18.30, c\u00e2nd la 112 se anun\u0163a izbucnirea unui incendiu la un depozit de mobil\u0103.<\/p>\n<p style=\"text-align: justify;\"><a href=\"https:\/\/www.giurgiuveanul.ro\/stiri\/wp-content\/uploads\/2017\/01\/IMG-20170124-WA0014.jpg\"><img loading=\"lazy\" decoding=\"async\" class=\"aligncenter size-large wp-image-37277\" src=\"https:\/\/www.giurgiuveanul.ro\/stiri\/wp-content\/uploads\/2017\/01\/IMG-20170124-WA0014-560x420.jpg\" alt=\"IMG-20170124-WA0014\" width=\"560\" height=\"420\" srcset=\"https:\/\/www.giurgiuveanul.ro\/stiri\/wp-content\/uploads\/2017\/01\/IMG-20170124-WA0014-560x420.jpg 560w, https:\/\/www.giurgiuveanul.ro\/stiri\/wp-content\/uploads\/2017\/01\/IMG-20170124-WA0014-250x188.jpg 250w, https:\/\/www.giurgiuveanul.ro\/stiri\/wp-content\/uploads\/2017\/01\/IMG-20170124-WA0014-400x300.jpg 400w, https:\/\/www.giurgiuveanul.ro\/stiri\/wp-content\/uploads\/2017\/01\/IMG-20170124-WA0014.jpg 800w\" sizes=\"auto, (max-width: 560px) 100vw, 560px\" \/><\/a><\/p>\n<p style=\"text-align: justify;\">La sosirea pompierilor, s-a constatat c\u0103 incendiul se manifesta la nivelul acoperi\u015fului, pe o suprafa\u0163\u0103 de 100 metri p\u0103tra\u0163i din acoperi\u015f, cu pericol de pr\u0103bu\u015fire a acestuia.<\/p>\n<p style=\"text-align: justify;\">La locul incendiului au venit echipaje de la Ambulan\u0163\u0103, c\u00e2t \u015fi de la Jandarmi. Din fericire, nu au existat victime.<\/p>\n<p style=\"text-align: justify;\">Imobilul este o fost\u0103 cas\u0103 de locuit, transformat\u0103 \u00een fabric\u0103 de mobil\u0103. Incendiul a cuprins doar un compartiment, \u015fi, datorit\u0103 interven\u0163iei pompierilor, nu s-a propagat la cel de-a doilea.<\/p>\n<p style=\"text-align: justify;\">Pompierii au ac\u0163ionat ore \u00eentregi pentru lichidarea incendiului.<\/p>\n","protected":false},"excerpt":{"rendered":"<p>Un depozit de mobil\u0103<\/p>\n","protected":false},"author":2,"featured_media":0,"comment_status":"open","ping_status":"open","sticky":false,"template":"","format":"standard","meta":{"footnotes":""},"categories":[8],"tags":[],"class_list":["post-37275","post","type-post","status-publish","format-standard","hentry","category-alert-news"],"_links":{"self":[{"href":"https:\/\/www.giurgiuveanul.ro\/stiri\/wp-json\/wp\/v2\/posts\/37275","targetHints":{"allow":["GET"]}}],"collection":[{"href":"https:\/\/www.giurgiuveanul.ro\/stiri\/wp-json\/wp\/v2\/posts"}],"about":[{"href":"https:\/\/www.giurgiuveanul.ro\/stiri\/wp-json\/wp\/v2\/types\/post"}],"author":[{"embeddable":true,"href":"https:\/\/www.giurgiuveanul.ro\/stiri\/wp-json\/wp\/v2\/users\/2"}],"replies":[{"embeddable":true,"href":"https:\/\/www.giurgiuveanul.ro\/stiri\/wp-json\/wp\/v2\/comments?post=37275"}],"version-history":[{"count":0,"href":"https:\/\/www.giurgiuveanul.ro\/stiri\/wp-json\/wp\/v2\/posts\/37275\/revisions"}],"wp:attachment":[{"href":"https:\/\/www.giurgiuveanul.ro\/stiri\/wp-json\/wp\/v2\/media?parent=37275"}],"wp:term":[{"taxonomy":"category","embeddable":true,"href":"https:\/\/www.giurgiuveanul.ro\/stiri\/wp-json\/wp\/v2\/categories?post=37275"},{"taxonomy":"post_tag","embeddable":true,"href":"https:\/\/www.giurgiuveanul.ro\/stiri\/wp-json\/wp\/v2\/tags?post=37275"}],"curies":[{"name":"wp","href":"https:\/\/api.w.org\/{rel}","templated":true}]}}