{"id":37299,"date":"2017-01-25T17:33:15","date_gmt":"2017-01-25T15:33:15","guid":{"rendered":"https:\/\/www.giurgiuveanul.ro\/stiri\/?p=37299"},"modified":"2017-01-25T17:39:04","modified_gmt":"2017-01-25T15:39:04","slug":"cine-va-fi-noul-subprefect-de-giurgiu","status":"publish","type":"post","link":"https:\/\/www.giurgiuveanul.ro\/stiri\/cine-va-fi-noul-subprefect-de-giurgiu\/","title":{"rendered":"Cine va fi noul subprefect de Giurgiu?"},"content":{"rendered":"<p style=\"text-align: justify;\"><a href=\"https:\/\/www.giurgiuveanul.ro\/stiri\/wp-content\/uploads\/2017\/01\/IMG_4384.jpg\"><img loading=\"lazy\" decoding=\"async\" class=\"aligncenter size-large wp-image-37300\" src=\"https:\/\/www.giurgiuveanul.ro\/stiri\/wp-content\/uploads\/2017\/01\/IMG_4384-560x381.jpg\" alt=\"IMG_4384\" width=\"560\" height=\"381\" srcset=\"https:\/\/www.giurgiuveanul.ro\/stiri\/wp-content\/uploads\/2017\/01\/IMG_4384-560x381.jpg 560w, https:\/\/www.giurgiuveanul.ro\/stiri\/wp-content\/uploads\/2017\/01\/IMG_4384-250x170.jpg 250w, https:\/\/www.giurgiuveanul.ro\/stiri\/wp-content\/uploads\/2017\/01\/IMG_4384-400x272.jpg 400w, https:\/\/www.giurgiuveanul.ro\/stiri\/wp-content\/uploads\/2017\/01\/IMG_4384.jpg 800w\" sizes=\"auto, (max-width: 560px) 100vw, 560px\" \/><\/a>La Giurgiu se fac specula\u0163ii referitoare la cine va fi viitorul subprefect. \u00cenc\u0103 de la preluarea conducerii Guvernului, premierul Sorin Grindeanu a<!--more--> \u00eenceput s\u0103 schimbe din prefec\u0163ii \u015fi subprefec\u0163ii din teritoriu. Prima tran\u015f\u0103 de \u00eenlocuiri a avut loc \u00een \u015fedin\u0163a de Guvern de acum dou\u0103 sapt\u0103m\u00e2ni, \u015fi a vizat jude\u0163ele Giurgiu, Prahova \u015fi Mehedin\u0163i.<\/p>\n<p style=\"text-align: justify;\">\u00cen ceea ce prive\u015fte jude\u0163ul Giurgiu, deocamdat\u0103, se fac specula\u0163ii referitor la persoana care se va alege cu func\u0163ia de subprefect. \u00cen c\u0103r\u0163i ar fi, se pare, fostul viceprimar <strong>Alexandru Vladu,<\/strong> copre\u015fedintele organiza\u0163iei municipale a ALDE.<\/p>\n<p style=\"text-align: justify;\">Ne a\u015ftept\u0103m s\u0103 \u00eenceap\u0103 \u015fi \u00eemp\u0103r\u0163irea func\u0163iilor la deconcentrate, \u00eentre PSD \u015fi ALDE Giurgiu, cu excep\u0163ia celor ocupate prin concurs.<\/p>\n","protected":false},"excerpt":{"rendered":"<p>La Giurgiu se fac specula\u0163ii referitoare la cine va fi viitorul subprefect. \u00cenc\u0103 de la preluarea conducerii Guvernului, premierul Sorin Grindeanu a<\/p>\n","protected":false},"author":2,"featured_media":0,"comment_status":"open","ping_status":"open","sticky":false,"template":"","format":"standard","meta":{"footnotes":""},"categories":[8],"tags":[],"class_list":["post-37299","post","type-post","status-publish","format-standard","hentry","category-alert-news"],"_links":{"self":[{"href":"https:\/\/www.giurgiuveanul.ro\/stiri\/wp-json\/wp\/v2\/posts\/37299","targetHints":{"allow":["GET"]}}],"collection":[{"href":"https:\/\/www.giurgiuveanul.ro\/stiri\/wp-json\/wp\/v2\/posts"}],"about":[{"href":"https:\/\/www.giurgiuveanul.ro\/stiri\/wp-json\/wp\/v2\/types\/post"}],"author":[{"embeddable":true,"href":"https:\/\/www.giurgiuveanul.ro\/stiri\/wp-json\/wp\/v2\/users\/2"}],"replies":[{"embeddable":true,"href":"https:\/\/www.giurgiuveanul.ro\/stiri\/wp-json\/wp\/v2\/comments?post=37299"}],"version-history":[{"count":0,"href":"https:\/\/www.giurgiuveanul.ro\/stiri\/wp-json\/wp\/v2\/posts\/37299\/revisions"}],"wp:attachment":[{"href":"https:\/\/www.giurgiuveanul.ro\/stiri\/wp-json\/wp\/v2\/media?parent=37299"}],"wp:term":[{"taxonomy":"category","embeddable":true,"href":"https:\/\/www.giurgiuveanul.ro\/stiri\/wp-json\/wp\/v2\/categories?post=37299"},{"taxonomy":"post_tag","embeddable":true,"href":"https:\/\/www.giurgiuveanul.ro\/stiri\/wp-json\/wp\/v2\/tags?post=37299"}],"curies":[{"name":"wp","href":"https:\/\/api.w.org\/{rel}","templated":true}]}}