{"id":37327,"date":"2017-01-26T18:05:48","date_gmt":"2017-01-26T16:05:48","guid":{"rendered":"https:\/\/www.giurgiuveanul.ro\/stiri\/?p=37327"},"modified":"2017-01-26T18:06:12","modified_gmt":"2017-01-26T16:06:12","slug":"la-furat-de-cosmetice-in-supermarket","status":"publish","type":"post","link":"https:\/\/www.giurgiuveanul.ro\/stiri\/la-furat-de-cosmetice-in-supermarket\/","title":{"rendered":"La furat de cosmetice&#8230; \u00een supermarket"},"content":{"rendered":"<p style=\"text-align: justify;\"><a href=\"https:\/\/www.giurgiuveanul.ro\/stiri\/wp-content\/uploads\/2017\/01\/08super.jpg\"><img loading=\"lazy\" decoding=\"async\" class=\"aligncenter size-large wp-image-37328\" src=\"https:\/\/www.giurgiuveanul.ro\/stiri\/wp-content\/uploads\/2017\/01\/08super-560x331.jpg\" alt=\"08super\" width=\"560\" height=\"331\" srcset=\"https:\/\/www.giurgiuveanul.ro\/stiri\/wp-content\/uploads\/2017\/01\/08super-560x331.jpg 560w, https:\/\/www.giurgiuveanul.ro\/stiri\/wp-content\/uploads\/2017\/01\/08super-250x148.jpg 250w, https:\/\/www.giurgiuveanul.ro\/stiri\/wp-content\/uploads\/2017\/01\/08super-400x237.jpg 400w, https:\/\/www.giurgiuveanul.ro\/stiri\/wp-content\/uploads\/2017\/01\/08super.jpg 800w\" sizes=\"auto, (max-width: 560px) 100vw, 560px\" \/><\/a>Poli\u021bi\u0219tii <!--more-->Postului de Poli\u021bie Ghimpa\u021bi au identificat o t\u00e2n\u0103r\u0103, de 26 ani, din comuna Ghimpa\u021bi, care la data de 21 ianuarie 2017 a sustras mai multe bunuri dintr-un supermarket aflat pe raza comunei Ghimpa\u021bi.<\/p>\n<p style=\"text-align: justify;\">La data de 21 ianuarie 2017, \u00een jurul orei 19.15, poli\u021bi\u0219tii Poli\u021biei Municipiului Giurgiu au fost sesiza\u021bi prin Serviciul Na\u021bional Unic pentru Apeluri de Urgen\u021b\u0103 112 de o angajat\u0103 a unui supermarket din comuna Ghimpa\u021bi, c\u0103 o persoan\u0103 a sustras produse cosmetice din magazin.<\/p>\n<p style=\"text-align: justify;\">Poli\u021bi\u0219tii au vizionat imaginile de pe camerele de supraveghere montate \u00een magazin \u0219i au stabilit c\u0103, o persoan\u0103 de sex feminin, a sustras de pe raft produse cosmetice \u0219i le-a ascuns sub hain\u0103, dup\u0103 care a p\u0103r\u0103sit magazinul f\u0103r\u0103 s\u0103 le achite.<\/p>\n<p style=\"text-align: justify;\">\u00cen urma investiga\u021biilor efectuate, femeia a fost identificat\u0103, produsele recuperate iar pe numele ei a fost deschis dosar penal pentru comiterea infrac\u021biunii de furt.<\/p>\n","protected":false},"excerpt":{"rendered":"<p>Poli\u021bi\u0219tii<\/p>\n","protected":false},"author":2,"featured_media":0,"comment_status":"open","ping_status":"open","sticky":false,"template":"","format":"standard","meta":{"footnotes":""},"categories":[8],"tags":[],"class_list":["post-37327","post","type-post","status-publish","format-standard","hentry","category-alert-news"],"_links":{"self":[{"href":"https:\/\/www.giurgiuveanul.ro\/stiri\/wp-json\/wp\/v2\/posts\/37327","targetHints":{"allow":["GET"]}}],"collection":[{"href":"https:\/\/www.giurgiuveanul.ro\/stiri\/wp-json\/wp\/v2\/posts"}],"about":[{"href":"https:\/\/www.giurgiuveanul.ro\/stiri\/wp-json\/wp\/v2\/types\/post"}],"author":[{"embeddable":true,"href":"https:\/\/www.giurgiuveanul.ro\/stiri\/wp-json\/wp\/v2\/users\/2"}],"replies":[{"embeddable":true,"href":"https:\/\/www.giurgiuveanul.ro\/stiri\/wp-json\/wp\/v2\/comments?post=37327"}],"version-history":[{"count":0,"href":"https:\/\/www.giurgiuveanul.ro\/stiri\/wp-json\/wp\/v2\/posts\/37327\/revisions"}],"wp:attachment":[{"href":"https:\/\/www.giurgiuveanul.ro\/stiri\/wp-json\/wp\/v2\/media?parent=37327"}],"wp:term":[{"taxonomy":"category","embeddable":true,"href":"https:\/\/www.giurgiuveanul.ro\/stiri\/wp-json\/wp\/v2\/categories?post=37327"},{"taxonomy":"post_tag","embeddable":true,"href":"https:\/\/www.giurgiuveanul.ro\/stiri\/wp-json\/wp\/v2\/tags?post=37327"}],"curies":[{"name":"wp","href":"https:\/\/api.w.org\/{rel}","templated":true}]}}