{"id":37336,"date":"2017-01-27T08:44:17","date_gmt":"2017-01-27T06:44:17","guid":{"rendered":"https:\/\/www.giurgiuveanul.ro\/stiri\/?p=37336"},"modified":"2017-01-27T08:44:17","modified_gmt":"2017-01-27T06:44:17","slug":"traversat-prin-loc-nepermis-si-fara-sa-se-asigure-si-fost-lovit-de-autoutilitara","status":"publish","type":"post","link":"https:\/\/www.giurgiuveanul.ro\/stiri\/traversat-prin-loc-nepermis-si-fara-sa-se-asigure-si-fost-lovit-de-autoutilitara\/","title":{"rendered":"A traversat prin loc nepermis \u015fi f\u0103r\u0103 s\u0103 se asigure \u015fi a fost lovit de o autoutilitar\u0103!"},"content":{"rendered":"<p style=\"text-align: justify;\"><a href=\"https:\/\/www.giurgiuveanul.ro\/stiri\/wp-content\/uploads\/2017\/01\/ambulanta-accident.jpg\"><img loading=\"lazy\" decoding=\"async\" class=\"aligncenter size-large wp-image-37337\" src=\"https:\/\/www.giurgiuveanul.ro\/stiri\/wp-content\/uploads\/2017\/01\/ambulanta-accident-450x450.jpg\" alt=\"ambulanta-accident\" width=\"450\" height=\"450\" srcset=\"https:\/\/www.giurgiuveanul.ro\/stiri\/wp-content\/uploads\/2017\/01\/ambulanta-accident-450x450.jpg 450w, https:\/\/www.giurgiuveanul.ro\/stiri\/wp-content\/uploads\/2017\/01\/ambulanta-accident-250x250.jpg 250w, https:\/\/www.giurgiuveanul.ro\/stiri\/wp-content\/uploads\/2017\/01\/ambulanta-accident-200x200.jpg 200w, https:\/\/www.giurgiuveanul.ro\/stiri\/wp-content\/uploads\/2017\/01\/ambulanta-accident-400x400.jpg 400w, https:\/\/www.giurgiuveanul.ro\/stiri\/wp-content\/uploads\/2017\/01\/ambulanta-accident.jpg 480w\" sizes=\"auto, (max-width: 450px) 100vw, 450px\" \/><\/a>Un b\u0103rbat de 46 ani, <!--more-->L.D., din comuna Buc\u0219ani, \u00een timp ce conducea autoutilitara pe Drumul Na\u021bional 61, \u00een localitatea Dealu, pe sensul de mers c\u0103tre Crevedia Mare, a accidentat u\u0219or un pieton<span style=\"text-decoration: underline;\">,<\/span> F. I., un b\u0103rbat de 53 ani, din comuna Crevedia Mare, care s-a angajat \u00een traversarea drumului prin loc nepermis \u0219i f\u0103r\u0103 s\u0103 se asigure.<\/p>\n<p style=\"text-align: justify;\">Victima a fost transportat\u0103 pentru \u00eengrijiri medicale la un spital din Bucure\u0219ti.<\/p>\n<p style=\"text-align: justify;\">Conduc\u0103torul auto a fost testat cu aparatul etilo-testul rezultatul fiind negativ.<\/p>\n<p style=\"text-align: justify;\">Ambilor participan\u021bi la trafic le-au fost recoltate probe biologice \u00een vederea stabiliri alcoolemiei.<\/p>\n<p style=\"text-align: justify;\">Poli\u021bi\u0219tii au deschis \u00een cauz\u0103 dosar penal pentru comiterea infrac\u021biunii de v\u0103t\u0103mare corporal\u0103 din culp\u0103.<\/p>\n","protected":false},"excerpt":{"rendered":"<p>Un b\u0103rbat de 46 ani,<\/p>\n","protected":false},"author":2,"featured_media":0,"comment_status":"open","ping_status":"open","sticky":false,"template":"","format":"standard","meta":{"footnotes":""},"categories":[8],"tags":[],"class_list":["post-37336","post","type-post","status-publish","format-standard","hentry","category-alert-news"],"_links":{"self":[{"href":"https:\/\/www.giurgiuveanul.ro\/stiri\/wp-json\/wp\/v2\/posts\/37336","targetHints":{"allow":["GET"]}}],"collection":[{"href":"https:\/\/www.giurgiuveanul.ro\/stiri\/wp-json\/wp\/v2\/posts"}],"about":[{"href":"https:\/\/www.giurgiuveanul.ro\/stiri\/wp-json\/wp\/v2\/types\/post"}],"author":[{"embeddable":true,"href":"https:\/\/www.giurgiuveanul.ro\/stiri\/wp-json\/wp\/v2\/users\/2"}],"replies":[{"embeddable":true,"href":"https:\/\/www.giurgiuveanul.ro\/stiri\/wp-json\/wp\/v2\/comments?post=37336"}],"version-history":[{"count":0,"href":"https:\/\/www.giurgiuveanul.ro\/stiri\/wp-json\/wp\/v2\/posts\/37336\/revisions"}],"wp:attachment":[{"href":"https:\/\/www.giurgiuveanul.ro\/stiri\/wp-json\/wp\/v2\/media?parent=37336"}],"wp:term":[{"taxonomy":"category","embeddable":true,"href":"https:\/\/www.giurgiuveanul.ro\/stiri\/wp-json\/wp\/v2\/categories?post=37336"},{"taxonomy":"post_tag","embeddable":true,"href":"https:\/\/www.giurgiuveanul.ro\/stiri\/wp-json\/wp\/v2\/tags?post=37336"}],"curies":[{"name":"wp","href":"https:\/\/api.w.org\/{rel}","templated":true}]}}