{"id":37342,"date":"2017-01-27T09:12:44","date_gmt":"2017-01-27T07:12:44","guid":{"rendered":"https:\/\/www.giurgiuveanul.ro\/stiri\/?p=37342"},"modified":"2017-01-27T09:12:44","modified_gmt":"2017-01-27T07:12:44","slug":"ispravile-lui-igor-rodul-unor-sanse-ratate","status":"publish","type":"post","link":"https:\/\/www.giurgiuveanul.ro\/stiri\/ispravile-lui-igor-rodul-unor-sanse-ratate\/","title":{"rendered":"ISPR\u0102VILE LUI IGOR, rodul unor \u015fanse ratate"},"content":{"rendered":"<p style=\"text-align: justify;\"><strong><a href=\"https:\/\/www.giurgiuveanul.ro\/stiri\/wp-content\/uploads\/2017\/01\/mitropolit_veniamin_costache_0.jpg\"><img loading=\"lazy\" decoding=\"async\" class=\"aligncenter size-large wp-image-37343\" src=\"https:\/\/www.giurgiuveanul.ro\/stiri\/wp-content\/uploads\/2017\/01\/mitropolit_veniamin_costache_0-369x450.jpg\" alt=\"mitropolit_veniamin_costache_0\" width=\"369\" height=\"450\" srcset=\"https:\/\/www.giurgiuveanul.ro\/stiri\/wp-content\/uploads\/2017\/01\/mitropolit_veniamin_costache_0-369x450.jpg 369w, https:\/\/www.giurgiuveanul.ro\/stiri\/wp-content\/uploads\/2017\/01\/mitropolit_veniamin_costache_0-246x300.jpg 246w, https:\/\/www.giurgiuveanul.ro\/stiri\/wp-content\/uploads\/2017\/01\/mitropolit_veniamin_costache_0-400x488.jpg 400w, https:\/\/www.giurgiuveanul.ro\/stiri\/wp-content\/uploads\/2017\/01\/mitropolit_veniamin_costache_0.jpg 601w\" sizes=\"auto, (max-width: 369px) 100vw, 369px\" \/><\/a>IGOR DODON, cu nume care nu prea e rom\u00e2nesc, cu mama profesoar\u0103 de limba rom\u00e2n\u0103 se zice, pre\u015fedinte\u00a0 peste<!--more--> bucat\u0103 de Moldov\u0103 l\u0103sat\u0103 testamentar de Marele \u015etefan <em>uema\u015filor urma\u015filor no\u015ftri, <\/em>a spus, b\u0103tr\u00e2nele satului meu \u015fi-ar fi f\u0103cut cruce \u015fi, speriate, ar fi rostit \u00een \u015foapt\u0103 <em>fereasc\u0103 Dumnezeu, maic\u0103, de asemenea r\u0103t\u0103ci\u0163i!, <\/em>c\u0103, \u00een 1812, este o nedreptate a istoriei!!! c\u0103 nu a fost cedat\u0103 Rusiei TOAT\u0102 Moldova!<\/strong><\/p>\n<p style=\"text-align: justify;\"><strong>\u00a0Mitropolitul Moldovei Veniamin Costache\u00a0 se-ntoarce \u00een morm\u00e2nt!<\/strong><\/p>\n<p style=\"text-align: justify;\"><strong>Un asemenea om, pe numele s\u0103u mic Igor, zic, ar vrea referendum pentru a i se da mai mult\u0103 \u2026PUTERE!!! Ce-o fi vr\u00e2nd s\u0103 mai fac\u0103?\u00a0 Nu-i ajunge?<em> \u2026fereasc\u0103 Dumnezeu,<\/em> zicem \u015fi noi cu team\u0103 .<\/strong><\/p>\n<p style=\"text-align: justify;\"><strong>\u015ei ceea ce e de speriat este c\u0103 roste\u015fte aceste g\u00e2nduri \u00een limba rom\u00e2n\u0103. El zice c\u0103 e \u2026moldoveneasc\u0103! \u015ei se laud\u0103 c\u0103 \u015ftie mai multe limbi\u2026\u015fi rusa! Dac\u0103 ar \u015fti-o bine, multe ar avea de \u00eenv\u0103\u0163at!\u00a0<\/strong><\/p>\n<p style=\"text-align: justify;\"><strong>De cur\u00e2nd, sim\u0163ind c\u0103 cineva, e vorba de fostul pre\u015fedinte al Rom\u00e2niei, devenind cet\u0103\u0163ean al Republicii Moldova l-ar fi l\u0103sat mai s\u0103rac pe Igor de cet\u0103\u0163enie, s-a g\u00e2ndit s\u0103-i retrag\u0103 acestuia\u00a0 cet\u0103\u0163enia pe care un alt pre\u015fedinte, e drept, cu nume rom\u00e2nesc, i-o acordase!<\/strong><\/p>\n<p style=\"text-align: justify;\"><strong>\u00cen\u0163elege\u0163i acum de ce vrea Igor, pe l\u00e2ng\u0103 mai mult\u0103 putere, si mai mult\u0103 cet\u0103\u0163enie!<\/strong><\/p>\n<p style=\"text-align: justify;\"><strong>\u00cemi spuneau rom\u00e2nii de peste Prut, prezen\u0163i la multe edi\u0163ii <em>Eminesciana<\/em>\u00a0 Br\u0103ila, c\u0103 <em>multe lucruri sunt de f\u0103cut la noi \u2026<\/em> \u015fi mul\u0163i dintre ei oftau, <em>dar Dumnezeu \u015ftie c\u00e2nd le vom face sau dac\u0103 se vor mai face vreodat\u0103<\/em>! <em>Marile mi\u015fc\u0103ri pentru limba noastr\u0103 cea\u00a0 rom\u00e2n\u0103 din Moldova,1987,\u00a0 Revolu\u0163ia din decembrie din Rom\u00e2nia,1989,,\u00a0 entuziasmul Podurilor de Flori, 1991-1992, Independen\u0163a Moldovei , 27 august 1991, au fost tot at\u00e2tea \u015fanse\u2026<\/em> <\/strong><\/p>\n<p style=\"text-align: justify;\"><em><strong><span style=\"text-decoration: underline;\">Gh.Calot\u0103<\/span><\/strong><\/em><\/p>\n<p style=\"text-align: justify;\"><strong><span style=\"text-decoration: underline;\">NOT\u0102:<\/span><\/strong> S\u0103 fi citit Igor Dodon Declara\u0163ia de independen\u0163\u0103 a Republicii Moldova? \u00cen paragraful al \u015faptelea ar fi g\u0103sit stipulat\u0103 <strong>DECREATAREA\u00a0 LIMBII ROM\u00c2NE CA LIMB\u0102 SE STAT<\/strong><\/p>\n","protected":false},"excerpt":{"rendered":"<p>IGOR DODON, cu nume care nu prea e rom\u00e2nesc, cu mama profesoar\u0103 de limba rom\u00e2n\u0103 se zice, pre\u015fedinte\u00a0 peste<\/p>\n","protected":false},"author":2,"featured_media":0,"comment_status":"open","ping_status":"open","sticky":false,"template":"","format":"standard","meta":{"footnotes":""},"categories":[21],"tags":[],"class_list":["post-37342","post","type-post","status-publish","format-standard","hentry","category-opinia-mea"],"_links":{"self":[{"href":"https:\/\/www.giurgiuveanul.ro\/stiri\/wp-json\/wp\/v2\/posts\/37342","targetHints":{"allow":["GET"]}}],"collection":[{"href":"https:\/\/www.giurgiuveanul.ro\/stiri\/wp-json\/wp\/v2\/posts"}],"about":[{"href":"https:\/\/www.giurgiuveanul.ro\/stiri\/wp-json\/wp\/v2\/types\/post"}],"author":[{"embeddable":true,"href":"https:\/\/www.giurgiuveanul.ro\/stiri\/wp-json\/wp\/v2\/users\/2"}],"replies":[{"embeddable":true,"href":"https:\/\/www.giurgiuveanul.ro\/stiri\/wp-json\/wp\/v2\/comments?post=37342"}],"version-history":[{"count":0,"href":"https:\/\/www.giurgiuveanul.ro\/stiri\/wp-json\/wp\/v2\/posts\/37342\/revisions"}],"wp:attachment":[{"href":"https:\/\/www.giurgiuveanul.ro\/stiri\/wp-json\/wp\/v2\/media?parent=37342"}],"wp:term":[{"taxonomy":"category","embeddable":true,"href":"https:\/\/www.giurgiuveanul.ro\/stiri\/wp-json\/wp\/v2\/categories?post=37342"},{"taxonomy":"post_tag","embeddable":true,"href":"https:\/\/www.giurgiuveanul.ro\/stiri\/wp-json\/wp\/v2\/tags?post=37342"}],"curies":[{"name":"wp","href":"https:\/\/api.w.org\/{rel}","templated":true}]}}