{"id":37363,"date":"2017-01-28T10:38:22","date_gmt":"2017-01-28T08:38:22","guid":{"rendered":"https:\/\/www.giurgiuveanul.ro\/stiri\/?p=37363"},"modified":"2017-01-28T10:49:00","modified_gmt":"2017-01-28T08:49:00","slug":"europol-noua-filiala-la-ipj-giurgiu","status":"publish","type":"post","link":"https:\/\/www.giurgiuveanul.ro\/stiri\/europol-noua-filiala-la-ipj-giurgiu\/","title":{"rendered":"EUROPOL are filial\u0103 \u015fi la IPJ Giurgiu!"},"content":{"rendered":"<p style=\"text-align: justify;\"><a href=\"https:\/\/www.giurgiuveanul.ro\/stiri\/wp-content\/uploads\/2017\/01\/logo-e1479163657883.png\"><img loading=\"lazy\" decoding=\"async\" class=\"aligncenter size-large wp-image-37219\" src=\"https:\/\/www.giurgiuveanul.ro\/stiri\/wp-content\/uploads\/2017\/01\/logo-e1479163657883-560x159.png\" alt=\"logo-e1479163657883\" width=\"560\" height=\"159\" srcset=\"https:\/\/www.giurgiuveanul.ro\/stiri\/wp-content\/uploads\/2017\/01\/logo-e1479163657883-560x159.png 560w, https:\/\/www.giurgiuveanul.ro\/stiri\/wp-content\/uploads\/2017\/01\/logo-e1479163657883-250x71.png 250w, https:\/\/www.giurgiuveanul.ro\/stiri\/wp-content\/uploads\/2017\/01\/logo-e1479163657883-400x114.png 400w, https:\/\/www.giurgiuveanul.ro\/stiri\/wp-content\/uploads\/2017\/01\/logo-e1479163657883.png 654w\" sizes=\"auto, (max-width: 560px) 100vw, 560px\" \/><\/a>A\u015fa dup\u0103 cum v\u0103 anun\u0163am, vineri, 27 ianuarie, <!--more-->\u00eentre orele 13:00-15:00, la sediul IPJ Giurgiu, a avut loc \u0219edin\u021ba de constituire a Filialei Sindicatului Europol.<\/p>\n<p style=\"text-align: justify;\">La \u0219edint\u0103 au participat politi\u0219ti din cadrul structurilor de ordine publica din mediul urban dar \u0219i din mediul rural, ocazie cu care au fost dezb\u0103tute problemele profesionale dar \u0219i obiectivele de viitor ale Sindicatului Europol pentru anul 2017.<\/p>\n<p style=\"text-align: justify;\">\u00cen urma desf\u0103\u0219ur\u0103rii procesului electiv, Filiala Giurgiu are urm\u0103toarea componen\u021b\u0103: pre\u0219edinte: <strong>Dan Saltelechi<\/strong>, vicepre\u0219edin\u021bi: <strong>Ana Maria Cristina Nem\u021bescu, \u0218tefan-Cosmin Ani\u021ba <\/strong>\u015fi\u00a0<strong>Mihai Dan Florea<\/strong>.<\/p>\n","protected":false},"excerpt":{"rendered":"<p>A\u015fa dup\u0103 cum v\u0103 anun\u0163am, vineri, 27 ianuarie,<\/p>\n","protected":false},"author":2,"featured_media":0,"comment_status":"open","ping_status":"open","sticky":false,"template":"","format":"standard","meta":{"footnotes":""},"categories":[8],"tags":[],"class_list":["post-37363","post","type-post","status-publish","format-standard","hentry","category-alert-news"],"_links":{"self":[{"href":"https:\/\/www.giurgiuveanul.ro\/stiri\/wp-json\/wp\/v2\/posts\/37363","targetHints":{"allow":["GET"]}}],"collection":[{"href":"https:\/\/www.giurgiuveanul.ro\/stiri\/wp-json\/wp\/v2\/posts"}],"about":[{"href":"https:\/\/www.giurgiuveanul.ro\/stiri\/wp-json\/wp\/v2\/types\/post"}],"author":[{"embeddable":true,"href":"https:\/\/www.giurgiuveanul.ro\/stiri\/wp-json\/wp\/v2\/users\/2"}],"replies":[{"embeddable":true,"href":"https:\/\/www.giurgiuveanul.ro\/stiri\/wp-json\/wp\/v2\/comments?post=37363"}],"version-history":[{"count":0,"href":"https:\/\/www.giurgiuveanul.ro\/stiri\/wp-json\/wp\/v2\/posts\/37363\/revisions"}],"wp:attachment":[{"href":"https:\/\/www.giurgiuveanul.ro\/stiri\/wp-json\/wp\/v2\/media?parent=37363"}],"wp:term":[{"taxonomy":"category","embeddable":true,"href":"https:\/\/www.giurgiuveanul.ro\/stiri\/wp-json\/wp\/v2\/categories?post=37363"},{"taxonomy":"post_tag","embeddable":true,"href":"https:\/\/www.giurgiuveanul.ro\/stiri\/wp-json\/wp\/v2\/tags?post=37363"}],"curies":[{"name":"wp","href":"https:\/\/api.w.org\/{rel}","templated":true}]}}