{"id":37378,"date":"2017-01-28T17:19:28","date_gmt":"2017-01-28T15:19:28","guid":{"rendered":"https:\/\/www.giurgiuveanul.ro\/stiri\/?p=37378"},"modified":"2017-01-28T17:19:28","modified_gmt":"2017-01-28T15:19:28","slug":"masa-calda-pentru-copii-la-scoala-ce-vor-manca-elevii-dintr-o-scoala-giurgiuveana-incepand-din-toamna","status":"publish","type":"post","link":"https:\/\/www.giurgiuveanul.ro\/stiri\/masa-calda-pentru-copii-la-scoala-ce-vor-manca-elevii-dintr-o-scoala-giurgiuveana-incepand-din-toamna\/","title":{"rendered":"Mas\u0103 CALD\u0102 pentru copii la \u015fcoal\u0103. Ce vor m\u00e2nca elevii dintr-o \u015fcoal\u0103 giurgiuvean\u0103 \u00eencep\u00e2nd din toamn\u0103"},"content":{"rendered":"<p style=\"text-align: justify;\"><strong><a href=\"https:\/\/www.giurgiuveanul.ro\/stiri\/wp-content\/uploads\/2017\/01\/elevi-cantina-masa-calda.jpg\"><img loading=\"lazy\" decoding=\"async\" class=\"aligncenter size-large wp-image-37379\" src=\"https:\/\/www.giurgiuveanul.ro\/stiri\/wp-content\/uploads\/2017\/01\/elevi-cantina-masa-calda-560x374.jpg\" alt=\"elevi-cantina-masa-calda\" width=\"560\" height=\"374\" srcset=\"https:\/\/www.giurgiuveanul.ro\/stiri\/wp-content\/uploads\/2017\/01\/elevi-cantina-masa-calda-560x374.jpg 560w, https:\/\/www.giurgiuveanul.ro\/stiri\/wp-content\/uploads\/2017\/01\/elevi-cantina-masa-calda-250x167.jpg 250w, https:\/\/www.giurgiuveanul.ro\/stiri\/wp-content\/uploads\/2017\/01\/elevi-cantina-masa-calda-400x267.jpg 400w, https:\/\/www.giurgiuveanul.ro\/stiri\/wp-content\/uploads\/2017\/01\/elevi-cantina-masa-calda.jpg 620w\" sizes=\"auto, (max-width: 560px) 100vw, 560px\" \/><\/a>Guvernul a adoptat, vineri, normele metodologice de aplicare a <!--more-->prevederilor OUG nr. 72\/2016 privind aprobarea Programului-pilot de acordare a unui suport alimentar pentru pre\u0219colarii \u015fi elevii din 50 de unit\u0103\u0163i de \u00eenv\u0103\u0163\u0103m\u00e2nt preuniversitar de stat. Suportul alimentar const\u0103 \u00eentr-o mas\u0103 cald\u0103 sau un pachet alimentar pentru fiecare elev\/pre\u0219colar, prin raportare la infrastructura necesar\u0103 servirii mesei \u00een unitatea \u0219colar\u0103.<\/strong><\/p>\n<p style=\"text-align: justify;\">Din toamn\u0103, copiii din \u00eenv\u0103\u0163\u0103m\u00e2ntul pre\u015fcolar \u015fi elevii din 50 de \u015fcoli de stat vor primi, timp de un an, un pachet alimentar sau o mas\u0103 cald\u0103 pe zi. Valoarea acesteia va fi, potrivit unui proiect al Ministerului Educa\u0163iei, de 7 lei, iar variantele de meniu au fost avizate de Institutul Na\u0163ional de S\u0103n\u0103tate.<\/p>\n<p style=\"text-align: justify;\">Pachetul alimentar va con\u021bine produse de panifica\u021bie, produse din carne \u015fi\/sau br\u00e2nzeturi\/derivate din lapte, legume, la care se adaug\u0103 un fruct. Data-limit\u0103 de consum a produselor distribuite c\u0103tre unit\u0103\u0163ile \u015fcolare \u00een regim de catering va fi \u00een ziua producerii, pentru mas\u0103 cald\u0103, respectiv de 24 de ore pentru sandviciuri.<\/p>\n<p style=\"text-align: justify;\">Iat\u0103 ce ar putea primi copiii de m\u00e2ncare la \u015fcoal\u0103, potrivit documentelor adoptate de Guvernul Rom\u00e2niei:<\/p>\n<ol style=\"text-align: justify;\">\n<li>Ciorb\u0103 de legume<\/li>\n<li>Sup\u0103 de pui cu legume<\/li>\n<li>Ciorb\u0103 de v\u0103cu\u0163\u0103 cu legume<\/li>\n<li>Legume cu piept de pui la gr\u0103tar<\/li>\n<li>M\u00e2ncare de maz\u0103re cu piept de pui<\/li>\n<li>Pilaf cu legume \u015fi fic\u0103\u0163ei de pui<\/li>\n<li>Piure de morcov cu gr\u0103tar de pui<\/li>\n<li>Piure de cartofi cu piept de curcan<\/li>\n<li>M\u00e2ncare de varz\u0103 dulce cu friptur\u0103 la cuptor<\/li>\n<li>Ghiveci de legume cu pui<\/li>\n<li>Orez cu legume \u015fi pui la tava<\/li>\n<li>Sufleu de broccoli cu br\u00e2nz\u0103<\/li>\n<li>Cartofi gratina\u0163i cu piept de pui la gr\u0103tar<\/li>\n<li>Tocan\u0103 de legume cu orez brun<\/li>\n<li>Piure de cartofi cu sfecl\u0103 \u015fi chiftelu\u0163e de legume<\/li>\n<li>Omlet\u0103 cu legume (ardei, ciuperci, ceap\u0103 verde) \u015fi br\u00e2nz\u0103 telemea<\/li>\n<li>Sufleu de conopid\u0103, broccoli \u015fi br\u00e2nz\u0103 la cuptor<\/li>\n<li>Dovlecel umplut cu br\u00e2nz\u0103 la cuptor<\/li>\n<li>Ciuperci la cuptor umplute cu br\u00e2nz\u0103 (pentru copiii cu v\u00e2rsta mai mare de 7 ani)<\/li>\n<li>Macaroane cu br\u00e2nz\u0103<\/li>\n<li>Cartofi frantuze\u015fti (la cuptor cu br\u00e2nz\u0103 \u015fi ou)<\/li>\n<li>Quinoa cu legume<\/li>\n<li>Sandvici cu unt, \u015func\u0103, ca\u015fcaval \u015fi legume (ro\u015fii, castravete, salat\u0103)<\/li>\n<li>Sandvici cu piept de pui la gr\u0103tar sau pulp\u0103 de pui dezosat\u0103 la gr\u0103tar cu legume crude (gogo\u015far, varz\u0103, morcov).<\/li>\n<li>Salat\u0103 de fructe (m\u0103r, par\u0103, cais\u0103, piersic\u0103, banan\u0103, portocal\u0103)<\/li>\n<\/ol>\n<p style=\"text-align: justify;\">\n<p style=\"text-align: justify;\">La nivelul jude\u0163ului Giurgiu, pachet alimentar sau mas\u0103 cald\u0103 vor primi elevii care \u00eenva\u0163\u0103 la \u015ecoala gimnazial\u0103 nr.1 din Flore\u015fti. Este vorba despre copiii care frecventeaz\u0103 cursurile, cei care lipsesc de la ore rat\u00e2nd respectiva mas\u0103.<\/p>\n","protected":false},"excerpt":{"rendered":"<p>Guvernul a adoptat, vineri, normele metodologice de aplicare a<\/p>\n","protected":false},"author":2,"featured_media":0,"comment_status":"open","ping_status":"open","sticky":false,"template":"","format":"standard","meta":{"footnotes":""},"categories":[8],"tags":[],"class_list":["post-37378","post","type-post","status-publish","format-standard","hentry","category-alert-news"],"_links":{"self":[{"href":"https:\/\/www.giurgiuveanul.ro\/stiri\/wp-json\/wp\/v2\/posts\/37378","targetHints":{"allow":["GET"]}}],"collection":[{"href":"https:\/\/www.giurgiuveanul.ro\/stiri\/wp-json\/wp\/v2\/posts"}],"about":[{"href":"https:\/\/www.giurgiuveanul.ro\/stiri\/wp-json\/wp\/v2\/types\/post"}],"author":[{"embeddable":true,"href":"https:\/\/www.giurgiuveanul.ro\/stiri\/wp-json\/wp\/v2\/users\/2"}],"replies":[{"embeddable":true,"href":"https:\/\/www.giurgiuveanul.ro\/stiri\/wp-json\/wp\/v2\/comments?post=37378"}],"version-history":[{"count":0,"href":"https:\/\/www.giurgiuveanul.ro\/stiri\/wp-json\/wp\/v2\/posts\/37378\/revisions"}],"wp:attachment":[{"href":"https:\/\/www.giurgiuveanul.ro\/stiri\/wp-json\/wp\/v2\/media?parent=37378"}],"wp:term":[{"taxonomy":"category","embeddable":true,"href":"https:\/\/www.giurgiuveanul.ro\/stiri\/wp-json\/wp\/v2\/categories?post=37378"},{"taxonomy":"post_tag","embeddable":true,"href":"https:\/\/www.giurgiuveanul.ro\/stiri\/wp-json\/wp\/v2\/tags?post=37378"}],"curies":[{"name":"wp","href":"https:\/\/api.w.org\/{rel}","templated":true}]}}