{"id":37417,"date":"2017-01-30T18:16:08","date_gmt":"2017-01-30T16:16:08","guid":{"rendered":"https:\/\/www.giurgiuveanul.ro\/stiri\/?p=37417"},"modified":"2017-01-30T18:27:23","modified_gmt":"2017-01-30T16:27:23","slug":"accident-rutier-pe-soseaua-ghizdarului","status":"publish","type":"post","link":"https:\/\/www.giurgiuveanul.ro\/stiri\/accident-rutier-pe-soseaua-ghizdarului\/","title":{"rendered":"Accident rutier pe \u015foseaua Ghizdarului!"},"content":{"rendered":"<p style=\"text-align: justify;\"><a href=\"https:\/\/www.giurgiuveanul.ro\/stiri\/wp-content\/uploads\/2017\/01\/IMG_5487.jpg\"><img loading=\"lazy\" decoding=\"async\" class=\"aligncenter size-large wp-image-37418\" src=\"https:\/\/www.giurgiuveanul.ro\/stiri\/wp-content\/uploads\/2017\/01\/IMG_5487-560x294.jpg\" alt=\"IMG_5487\" width=\"560\" height=\"294\" srcset=\"https:\/\/www.giurgiuveanul.ro\/stiri\/wp-content\/uploads\/2017\/01\/IMG_5487-560x294.jpg 560w, https:\/\/www.giurgiuveanul.ro\/stiri\/wp-content\/uploads\/2017\/01\/IMG_5487-250x131.jpg 250w, https:\/\/www.giurgiuveanul.ro\/stiri\/wp-content\/uploads\/2017\/01\/IMG_5487-400x210.jpg 400w, https:\/\/www.giurgiuveanul.ro\/stiri\/wp-content\/uploads\/2017\/01\/IMG_5487.jpg 800w\" sizes=\"auto, (max-width: 560px) 100vw, 560px\" \/><\/a>Nefastul eveniment s-a petrecut pe \u015foseaua Ghizdarului, din municipiul Giurgiu. <!--more-->M. \u015e., un b\u0103rbat de 63 ani, din Giurgiu, \u00een timp ce se deplasa pe biciclet\u0103 datorit\u0103 p\u0103r\u021bii carosabile acoperit\u0103 cu ghea\u021b\u0103, s-a dezechilibrat \u0219i a c\u0103zut pe partea carosabil\u0103, \u00een spatele autoturismului condus regulamentar de B.\u00a0 M., o femeie de 43 ani, din Giurgiu.<\/p>\n<p style=\"text-align: justify;\">\u00cen urma accidentului a rezultat r\u0103nirea u\u0219oar\u0103 a biciclistului, acesta fiind transportat la Spitalul Jude\u021bean Giurgiu.<\/p>\n<p style=\"text-align: justify;\">Ambii participan\u021bi la trafic nu se aflau sub influen\u021ba b\u0103uturilor alcoolice.<\/p>\n<p style=\"text-align: justify;\">Poli\u021bi\u0219tii Biroului Rutier au deschis dosar pentru comiterea infrac\u021biunii de v\u0103t\u0103mare corporal\u0103 din culp\u0103.<\/p>\n","protected":false},"excerpt":{"rendered":"<p>Nefastul eveniment s-a petrecut pe \u015foseaua Ghizdarului, din municipiul Giurgiu.<\/p>\n","protected":false},"author":2,"featured_media":0,"comment_status":"open","ping_status":"open","sticky":false,"template":"","format":"standard","meta":{"footnotes":""},"categories":[8],"tags":[],"class_list":["post-37417","post","type-post","status-publish","format-standard","hentry","category-alert-news"],"_links":{"self":[{"href":"https:\/\/www.giurgiuveanul.ro\/stiri\/wp-json\/wp\/v2\/posts\/37417","targetHints":{"allow":["GET"]}}],"collection":[{"href":"https:\/\/www.giurgiuveanul.ro\/stiri\/wp-json\/wp\/v2\/posts"}],"about":[{"href":"https:\/\/www.giurgiuveanul.ro\/stiri\/wp-json\/wp\/v2\/types\/post"}],"author":[{"embeddable":true,"href":"https:\/\/www.giurgiuveanul.ro\/stiri\/wp-json\/wp\/v2\/users\/2"}],"replies":[{"embeddable":true,"href":"https:\/\/www.giurgiuveanul.ro\/stiri\/wp-json\/wp\/v2\/comments?post=37417"}],"version-history":[{"count":0,"href":"https:\/\/www.giurgiuveanul.ro\/stiri\/wp-json\/wp\/v2\/posts\/37417\/revisions"}],"wp:attachment":[{"href":"https:\/\/www.giurgiuveanul.ro\/stiri\/wp-json\/wp\/v2\/media?parent=37417"}],"wp:term":[{"taxonomy":"category","embeddable":true,"href":"https:\/\/www.giurgiuveanul.ro\/stiri\/wp-json\/wp\/v2\/categories?post=37417"},{"taxonomy":"post_tag","embeddable":true,"href":"https:\/\/www.giurgiuveanul.ro\/stiri\/wp-json\/wp\/v2\/tags?post=37417"}],"curies":[{"name":"wp","href":"https:\/\/api.w.org\/{rel}","templated":true}]}}