{"id":37454,"date":"2017-01-31T17:03:51","date_gmt":"2017-01-31T15:03:51","guid":{"rendered":"https:\/\/www.giurgiuveanul.ro\/stiri\/?p=37454"},"modified":"2017-01-31T17:03:51","modified_gmt":"2017-01-31T15:03:51","slug":"nu-pastrat-distanta-de-siguranta-si-produs-accident","status":"publish","type":"post","link":"https:\/\/www.giurgiuveanul.ro\/stiri\/nu-pastrat-distanta-de-siguranta-si-produs-accident\/","title":{"rendered":"Nu a p\u0103strat distan\u021ba de siguran\u021b\u0103 \u015fi a produs un accident!"},"content":{"rendered":"<p style=\"text-align: justify;\"><a href=\"https:\/\/www.giurgiuveanul.ro\/stiri\/wp-content\/uploads\/2017\/01\/IMG_6178-2.jpg\"><img loading=\"lazy\" decoding=\"async\" class=\"aligncenter size-large wp-image-37455\" src=\"https:\/\/www.giurgiuveanul.ro\/stiri\/wp-content\/uploads\/2017\/01\/IMG_6178-2-495x450.jpg\" alt=\"IMG_6178-2\" width=\"495\" height=\"450\" srcset=\"https:\/\/www.giurgiuveanul.ro\/stiri\/wp-content\/uploads\/2017\/01\/IMG_6178-2-495x450.jpg 495w, https:\/\/www.giurgiuveanul.ro\/stiri\/wp-content\/uploads\/2017\/01\/IMG_6178-2-250x227.jpg 250w, https:\/\/www.giurgiuveanul.ro\/stiri\/wp-content\/uploads\/2017\/01\/IMG_6178-2-400x364.jpg 400w, https:\/\/www.giurgiuveanul.ro\/stiri\/wp-content\/uploads\/2017\/01\/IMG_6178-2.jpg 800w\" sizes=\"auto, (max-width: 495px) 100vw, 495px\" \/><\/a>Un t\u00e2n\u0103r de 21 ani, <!--more-->din comuna Ghimpa\u021bi, jude\u021bul Giurgiu, \u00een timp ce conducea autoturismul pe Drumul Na\u021bional 6, \u00een localitatea Ghimpa\u021bi, nu a p\u0103strat distan\u021ba de siguran\u021b\u0103, intr\u00e2nd \u00een coliziune cu un autoturism care circula \u00een fa\u021ba sa, \u00een aceea\u0219i direc\u021bie de mers, condus regulamentar de I. M., un b\u0103rbat de 41 ani, din municipiul Bucure\u0219ti.<\/p>\n<p style=\"text-align: justify;\">Din accident a rezultat r\u0103nirea u\u0219oar\u0103 a unei femei de 40 ani, pasager pe locul din dreapta fa\u021b\u0103 al autoturismului care circula regulamentar.<\/p>\n<p style=\"text-align: justify;\">Victima a refuzat transportul cu ambulan\u021ba la spital, primind \u00eengrijiri de la\u00a0 echipajul medical de pe ambulan\u021b\u0103.<\/p>\n<p style=\"text-align: justify;\">Ambii conduc\u0103tori auto au fost testa\u021bi cu aparatul etilo-test, rezultatele fiind negative.<\/p>\n<p style=\"text-align: justify;\">Poli\u021bi\u0219tii Serviciului Rutier au deschis dosar penal pentru comiterea infrac\u021biunii de v\u0103t\u0103mare corporal\u0103 din culp\u0103.<\/p>\n","protected":false},"excerpt":{"rendered":"<p>Un t\u00e2n\u0103r de 21 ani,<\/p>\n","protected":false},"author":2,"featured_media":0,"comment_status":"open","ping_status":"open","sticky":false,"template":"","format":"standard","meta":{"footnotes":""},"categories":[6],"tags":[],"class_list":["post-37454","post","type-post","status-publish","format-standard","hentry","category-breaking-news"],"_links":{"self":[{"href":"https:\/\/www.giurgiuveanul.ro\/stiri\/wp-json\/wp\/v2\/posts\/37454","targetHints":{"allow":["GET"]}}],"collection":[{"href":"https:\/\/www.giurgiuveanul.ro\/stiri\/wp-json\/wp\/v2\/posts"}],"about":[{"href":"https:\/\/www.giurgiuveanul.ro\/stiri\/wp-json\/wp\/v2\/types\/post"}],"author":[{"embeddable":true,"href":"https:\/\/www.giurgiuveanul.ro\/stiri\/wp-json\/wp\/v2\/users\/2"}],"replies":[{"embeddable":true,"href":"https:\/\/www.giurgiuveanul.ro\/stiri\/wp-json\/wp\/v2\/comments?post=37454"}],"version-history":[{"count":0,"href":"https:\/\/www.giurgiuveanul.ro\/stiri\/wp-json\/wp\/v2\/posts\/37454\/revisions"}],"wp:attachment":[{"href":"https:\/\/www.giurgiuveanul.ro\/stiri\/wp-json\/wp\/v2\/media?parent=37454"}],"wp:term":[{"taxonomy":"category","embeddable":true,"href":"https:\/\/www.giurgiuveanul.ro\/stiri\/wp-json\/wp\/v2\/categories?post=37454"},{"taxonomy":"post_tag","embeddable":true,"href":"https:\/\/www.giurgiuveanul.ro\/stiri\/wp-json\/wp\/v2\/tags?post=37454"}],"curies":[{"name":"wp","href":"https:\/\/api.w.org\/{rel}","templated":true}]}}