{"id":37457,"date":"2017-01-31T17:44:20","date_gmt":"2017-01-31T15:44:20","guid":{"rendered":"https:\/\/www.giurgiuveanul.ro\/stiri\/?p=37457"},"modified":"2017-01-31T17:44:20","modified_gmt":"2017-01-31T15:44:20","slug":"anunt-important","status":"publish","type":"post","link":"https:\/\/www.giurgiuveanul.ro\/stiri\/anunt-important\/","title":{"rendered":"Anun\u0163 important!"},"content":{"rendered":"<p style=\"text-align: justify;\"><a href=\"https:\/\/www.giurgiuveanul.ro\/stiri\/wp-content\/uploads\/2017\/01\/16298729_1165784596851996_6923676611735465302_n.jpg\"><img loading=\"lazy\" decoding=\"async\" class=\"aligncenter size-large wp-image-37458\" src=\"https:\/\/www.giurgiuveanul.ro\/stiri\/wp-content\/uploads\/2017\/01\/16298729_1165784596851996_6923676611735465302_n-560x359.jpg\" alt=\"16298729_1165784596851996_6923676611735465302_n\" width=\"560\" height=\"359\" srcset=\"https:\/\/www.giurgiuveanul.ro\/stiri\/wp-content\/uploads\/2017\/01\/16298729_1165784596851996_6923676611735465302_n-560x359.jpg 560w, https:\/\/www.giurgiuveanul.ro\/stiri\/wp-content\/uploads\/2017\/01\/16298729_1165784596851996_6923676611735465302_n-250x160.jpg 250w, https:\/\/www.giurgiuveanul.ro\/stiri\/wp-content\/uploads\/2017\/01\/16298729_1165784596851996_6923676611735465302_n-400x257.jpg 400w, https:\/\/www.giurgiuveanul.ro\/stiri\/wp-content\/uploads\/2017\/01\/16298729_1165784596851996_6923676611735465302_n.jpg 712w\" sizes=\"auto, (max-width: 560px) 100vw, 560px\" \/><\/a>Persoanele fizice sau juridice, arti\u015fti populari, arti\u015fti<!--more--> plastici \u015fi handmade care doresc s\u0103 participe ca expozan\u0163i la t\u00e2rgul organizat \u00een cadrul \u201cFestivalului Prim\u0103verii\u201d, ce va avea loc \u00een zilele de 27 \u2013 28 februarie 2017, intre orele 10.00 \u2013 18.00, sunt rugate s\u0103 ne contacteze la sediul Centrului de Afaceri Transfrontalier (CAT) \u201eDanubius\u201d Giurgiu sau la telefon : 0346 566 963.<\/p>\n<p style=\"text-align: justify;\">Participarea nu presupune achitarea unei taxe pentru stand. Exclus comercian\u0163i.<\/p>\n<p style=\"text-align: justify;\">V\u0103 a\u015ftept\u0103m!<\/p>\n","protected":false},"excerpt":{"rendered":"<p>Persoanele fizice sau juridice, arti\u015fti populari, arti\u015fti<\/p>\n","protected":false},"author":2,"featured_media":0,"comment_status":"open","ping_status":"open","sticky":false,"template":"","format":"standard","meta":{"footnotes":""},"categories":[8],"tags":[],"class_list":["post-37457","post","type-post","status-publish","format-standard","hentry","category-alert-news"],"_links":{"self":[{"href":"https:\/\/www.giurgiuveanul.ro\/stiri\/wp-json\/wp\/v2\/posts\/37457","targetHints":{"allow":["GET"]}}],"collection":[{"href":"https:\/\/www.giurgiuveanul.ro\/stiri\/wp-json\/wp\/v2\/posts"}],"about":[{"href":"https:\/\/www.giurgiuveanul.ro\/stiri\/wp-json\/wp\/v2\/types\/post"}],"author":[{"embeddable":true,"href":"https:\/\/www.giurgiuveanul.ro\/stiri\/wp-json\/wp\/v2\/users\/2"}],"replies":[{"embeddable":true,"href":"https:\/\/www.giurgiuveanul.ro\/stiri\/wp-json\/wp\/v2\/comments?post=37457"}],"version-history":[{"count":0,"href":"https:\/\/www.giurgiuveanul.ro\/stiri\/wp-json\/wp\/v2\/posts\/37457\/revisions"}],"wp:attachment":[{"href":"https:\/\/www.giurgiuveanul.ro\/stiri\/wp-json\/wp\/v2\/media?parent=37457"}],"wp:term":[{"taxonomy":"category","embeddable":true,"href":"https:\/\/www.giurgiuveanul.ro\/stiri\/wp-json\/wp\/v2\/categories?post=37457"},{"taxonomy":"post_tag","embeddable":true,"href":"https:\/\/www.giurgiuveanul.ro\/stiri\/wp-json\/wp\/v2\/tags?post=37457"}],"curies":[{"name":"wp","href":"https:\/\/api.w.org\/{rel}","templated":true}]}}