{"id":37474,"date":"2017-02-01T18:50:51","date_gmt":"2017-02-01T16:50:51","guid":{"rendered":"https:\/\/www.giurgiuveanul.ro\/stiri\/?p=37474"},"modified":"2017-02-01T18:50:51","modified_gmt":"2017-02-01T16:50:51","slug":"hotii-care-au-terorizat-comunitate-intreaga-au-fost-retinuti","status":"publish","type":"post","link":"https:\/\/www.giurgiuveanul.ro\/stiri\/hotii-care-au-terorizat-comunitate-intreaga-au-fost-retinuti\/","title":{"rendered":"Ho\u0163ii care au terorizat o comunitate \u00eentreag\u0103 au fost re\u0163inu\u0163i"},"content":{"rendered":"<p><strong><a href=\"https:\/\/www.giurgiuveanul.ro\/stiri\/wp-content\/uploads\/2017\/02\/traficanti-catuse-mascati2.jpg\"><img loading=\"lazy\" decoding=\"async\" class=\"aligncenter size-large wp-image-37475\" src=\"https:\/\/www.giurgiuveanul.ro\/stiri\/wp-content\/uploads\/2017\/02\/traficanti-catuse-mascati2-560x448.jpg\" alt=\"traficanti-catuse-mascati2\" width=\"560\" height=\"448\" srcset=\"https:\/\/www.giurgiuveanul.ro\/stiri\/wp-content\/uploads\/2017\/02\/traficanti-catuse-mascati2-560x448.jpg 560w, https:\/\/www.giurgiuveanul.ro\/stiri\/wp-content\/uploads\/2017\/02\/traficanti-catuse-mascati2-250x200.jpg 250w, https:\/\/www.giurgiuveanul.ro\/stiri\/wp-content\/uploads\/2017\/02\/traficanti-catuse-mascati2-400x320.jpg 400w, https:\/\/www.giurgiuveanul.ro\/stiri\/wp-content\/uploads\/2017\/02\/traficanti-catuse-mascati2.jpg 900w\" sizes=\"auto, (max-width: 560px) 100vw, 560px\" \/><\/a>Doi sp\u0103rg\u0103tori de locuin\u0163e care ac\u0163ionau \u00een <!--more-->Clejani au fost re\u0163inu\u0163i ieri, pe baz\u0103 de ordonan\u0163\u0103, pentru 24 de ore.<\/strong><\/p>\n<p>Potrivit purt\u0103torului de cuv\u00e2nt al IJP Giurgiu, Cornel Vasilache, cei doi tineri, de 19 \u015fi 23 de ani, din Clejani, \u00eempreun\u0103 cu al\u0163i doi minori, au comis mai multe spargeri de locuin\u0163e \u00een perioada decembrie 2016-ianuarie 2017. O parte dintre bunurile furate, este vorba \u00een special de aparate electrice \u015fi electrocasnice, au fost identificate la domiciliile ho\u0163ilor \u015fi predate p\u0103gubi\u0163ilor. Perchezi\u0163iile la domiciliile suspec\u0163ilor au avut loc \u00een urm\u0103 cu c\u00e2teva zile.<\/p>\n<p>Ace\u015ftia au dat nu mai pu\u0163in de cinci spargeri de locuin\u0163e \u00een localitatea Clejani.<\/p>\n<p>Cei doi tineri au fost\u00a0prezenta\u0163i ast\u0103zi, magistra\u0163ilor de la Judec\u0103toria Giurgiu, cu propunerea de arestare preventiv\u0103 pentru 30 de zile, pentru comiterea infrac\u0163iunii de furt calificat.<\/p>\n","protected":false},"excerpt":{"rendered":"<p>Doi sp\u0103rg\u0103tori de locuin\u0163e care ac\u0163ionau \u00een<\/p>\n","protected":false},"author":2,"featured_media":0,"comment_status":"open","ping_status":"open","sticky":false,"template":"","format":"standard","meta":{"footnotes":""},"categories":[8],"tags":[],"class_list":["post-37474","post","type-post","status-publish","format-standard","hentry","category-alert-news"],"_links":{"self":[{"href":"https:\/\/www.giurgiuveanul.ro\/stiri\/wp-json\/wp\/v2\/posts\/37474","targetHints":{"allow":["GET"]}}],"collection":[{"href":"https:\/\/www.giurgiuveanul.ro\/stiri\/wp-json\/wp\/v2\/posts"}],"about":[{"href":"https:\/\/www.giurgiuveanul.ro\/stiri\/wp-json\/wp\/v2\/types\/post"}],"author":[{"embeddable":true,"href":"https:\/\/www.giurgiuveanul.ro\/stiri\/wp-json\/wp\/v2\/users\/2"}],"replies":[{"embeddable":true,"href":"https:\/\/www.giurgiuveanul.ro\/stiri\/wp-json\/wp\/v2\/comments?post=37474"}],"version-history":[{"count":0,"href":"https:\/\/www.giurgiuveanul.ro\/stiri\/wp-json\/wp\/v2\/posts\/37474\/revisions"}],"wp:attachment":[{"href":"https:\/\/www.giurgiuveanul.ro\/stiri\/wp-json\/wp\/v2\/media?parent=37474"}],"wp:term":[{"taxonomy":"category","embeddable":true,"href":"https:\/\/www.giurgiuveanul.ro\/stiri\/wp-json\/wp\/v2\/categories?post=37474"},{"taxonomy":"post_tag","embeddable":true,"href":"https:\/\/www.giurgiuveanul.ro\/stiri\/wp-json\/wp\/v2\/tags?post=37474"}],"curies":[{"name":"wp","href":"https:\/\/api.w.org\/{rel}","templated":true}]}}