{"id":37543,"date":"2017-02-04T15:05:12","date_gmt":"2017-02-04T13:05:12","guid":{"rendered":"https:\/\/www.giurgiuveanul.ro\/stiri\/?p=37543"},"modified":"2017-02-04T15:05:12","modified_gmt":"2017-02-04T13:05:12","slug":"declaratie-politica-psd-giurgiu-sustine-neconditionat-guvernul-grindeanu","status":"publish","type":"post","link":"https:\/\/www.giurgiuveanul.ro\/stiri\/declaratie-politica-psd-giurgiu-sustine-neconditionat-guvernul-grindeanu\/","title":{"rendered":"Declara\u0163ie politic\u0103: PSD Giurgiu sus\u0163ine necondi\u0163ionat Guvernul Grindeanu!"},"content":{"rendered":"<p style=\"text-align: justify;\"><strong><a href=\"https:\/\/www.giurgiuveanul.ro\/stiri\/wp-content\/uploads\/2016\/07\/IMG_1452.jpg\"><img loading=\"lazy\" decoding=\"async\" class=\"aligncenter size-large wp-image-31359\" src=\"https:\/\/www.giurgiuveanul.ro\/stiri\/wp-content\/uploads\/2016\/07\/IMG_1452-470x450.jpg\" alt=\"IMG_1452\" width=\"470\" height=\"450\" srcset=\"https:\/\/www.giurgiuveanul.ro\/stiri\/wp-content\/uploads\/2016\/07\/IMG_1452-470x450.jpg 470w, https:\/\/www.giurgiuveanul.ro\/stiri\/wp-content\/uploads\/2016\/07\/IMG_1452-250x239.jpg 250w, https:\/\/www.giurgiuveanul.ro\/stiri\/wp-content\/uploads\/2016\/07\/IMG_1452-400x383.jpg 400w, https:\/\/www.giurgiuveanul.ro\/stiri\/wp-content\/uploads\/2016\/07\/IMG_1452.jpg 800w\" sizes=\"auto, (max-width: 470px) 100vw, 470px\" \/><\/a>Pre\u015fedintele Organiza\u0163iei Jude\u0163ene a PSD Giurgiu, Marian Mina,<!--more--> \u00een numele tuturor social-democra\u0163ilor giurgiuveni, transmite sus\u0163inerea acestora fa\u0163\u0103 de Guvernul PSD \u015fi ALDE condus de Sorin Grindeanu.<\/strong><\/p>\n<p style=\"text-align: justify;\"><em>\u201eDup\u0103 exprimarea prin vot a sus\u0163inerii Guvernului Grindeanu de c\u0103tre cei din Comitetul Executiv Na\u0163ional al PSD, social-democra\u0163ii giurgiuveni transmit primului ministru Sorin Grindeanu c\u0103 organiza\u0163ia PSD Giurgiu \u00eel sprijin\u0103 necondi\u0163ionat, la fel ca \u015fi colegii din celelalte jude\u0163e, pentru aplicarea m\u0103surilor din Programul de Guvernare. PSD Giurgiu sus\u0163ine f\u0103r\u0103 rezerve acest Executiv care a f\u0103cut \u00eentr-o singur\u0103 lun\u0103 c\u00e2t n-au f\u0103cut al\u0163ii \u00eentr-un mandat \u00eentreg. Sus\u0163inem necondi\u0163ionat un Guvern care a implementat deja 27 de m\u0103suri socio-economice, printre care major\u0103ri semnificative de salarii at\u00e2t pentru bugetarii din administra\u0163ia local\u0103, pentru medici, pentru profesori, c\u00e2t \u015fi pentru arti\u015fti. Vorbim, de asemenea, despre cre\u015fterea pensiilor, a indemniza\u0163iilor viz\u00e2nd diferite categorii sociale, vorbim despre m\u0103suri pentru mediul de afaceri, m\u0103suri pentru elevi \u015fi studen\u0163i. Guvernul Grindeanu trebuie s\u0103-\u015fi duc\u0103 la cap\u0103t misiunea de a pune \u00een practic\u0103 toate celelalte m\u0103suri din Programul de Guvernare al PSD pe care rom\u00e2nii, \u00een 11 decembrie 2016, au cerut, prin vot, s\u0103 fie implementat! PSD Giurgiu sus\u0163ine \u015fi toate m\u0103surile Executivului Grindeanu pentru continuarea combaterii corup\u0163iei!\u201d<\/em>, a declarat Marian Mina.<\/p>\n<p style=\"text-align: justify;\">\n","protected":false},"excerpt":{"rendered":"<p>Pre\u015fedintele Organiza\u0163iei Jude\u0163ene a PSD Giurgiu, Marian Mina,<\/p>\n","protected":false},"author":2,"featured_media":0,"comment_status":"open","ping_status":"open","sticky":false,"template":"","format":"standard","meta":{"footnotes":""},"categories":[8],"tags":[],"class_list":["post-37543","post","type-post","status-publish","format-standard","hentry","category-alert-news"],"_links":{"self":[{"href":"https:\/\/www.giurgiuveanul.ro\/stiri\/wp-json\/wp\/v2\/posts\/37543","targetHints":{"allow":["GET"]}}],"collection":[{"href":"https:\/\/www.giurgiuveanul.ro\/stiri\/wp-json\/wp\/v2\/posts"}],"about":[{"href":"https:\/\/www.giurgiuveanul.ro\/stiri\/wp-json\/wp\/v2\/types\/post"}],"author":[{"embeddable":true,"href":"https:\/\/www.giurgiuveanul.ro\/stiri\/wp-json\/wp\/v2\/users\/2"}],"replies":[{"embeddable":true,"href":"https:\/\/www.giurgiuveanul.ro\/stiri\/wp-json\/wp\/v2\/comments?post=37543"}],"version-history":[{"count":0,"href":"https:\/\/www.giurgiuveanul.ro\/stiri\/wp-json\/wp\/v2\/posts\/37543\/revisions"}],"wp:attachment":[{"href":"https:\/\/www.giurgiuveanul.ro\/stiri\/wp-json\/wp\/v2\/media?parent=37543"}],"wp:term":[{"taxonomy":"category","embeddable":true,"href":"https:\/\/www.giurgiuveanul.ro\/stiri\/wp-json\/wp\/v2\/categories?post=37543"},{"taxonomy":"post_tag","embeddable":true,"href":"https:\/\/www.giurgiuveanul.ro\/stiri\/wp-json\/wp\/v2\/tags?post=37543"}],"curies":[{"name":"wp","href":"https:\/\/api.w.org\/{rel}","templated":true}]}}