{"id":37545,"date":"2017-02-04T17:34:29","date_gmt":"2017-02-04T15:34:29","guid":{"rendered":"https:\/\/www.giurgiuveanul.ro\/stiri\/?p=37545"},"modified":"2017-02-04T17:34:29","modified_gmt":"2017-02-04T15:34:29","slug":"elena-dinu-deputat-psd-giurgiu-sustin-fara-rezerve-executivul-condus-de-sorin-grindeanu","status":"publish","type":"post","link":"https:\/\/www.giurgiuveanul.ro\/stiri\/elena-dinu-deputat-psd-giurgiu-sustin-fara-rezerve-executivul-condus-de-sorin-grindeanu\/","title":{"rendered":"Elena Dinu, deputat PSD Giurgiu: \u201eSus\u0163in f\u0103r\u0103 rezerve Executivul condus de Sorin Grindeanu!\u201d"},"content":{"rendered":"<p style=\"text-align: justify;\"><a href=\"https:\/\/www.giurgiuveanul.ro\/stiri\/wp-content\/uploads\/2016\/12\/elena-dinu.jpg\"><img loading=\"lazy\" decoding=\"async\" class=\"aligncenter size-large wp-image-35857\" src=\"https:\/\/www.giurgiuveanul.ro\/stiri\/wp-content\/uploads\/2016\/12\/elena-dinu-537x450.jpg\" alt=\"elena-dinu\" width=\"537\" height=\"450\" srcset=\"https:\/\/www.giurgiuveanul.ro\/stiri\/wp-content\/uploads\/2016\/12\/elena-dinu-537x450.jpg 537w, https:\/\/www.giurgiuveanul.ro\/stiri\/wp-content\/uploads\/2016\/12\/elena-dinu-250x210.jpg 250w, https:\/\/www.giurgiuveanul.ro\/stiri\/wp-content\/uploads\/2016\/12\/elena-dinu-400x336.jpg 400w, https:\/\/www.giurgiuveanul.ro\/stiri\/wp-content\/uploads\/2016\/12\/elena-dinu.jpg 800w\" sizes=\"auto, (max-width: 537px) 100vw, 537px\" \/><\/a>\u201ePre\u015fedintele PSD Giurgiu, Marian Mina, a anun\u0163at, \u00een urm\u0103 cu pu\u0163in timp, c\u0103<!--more--> organiza\u0163ia pe care o conduce sus\u0163ine necondi\u0163ionat Guvernul Grindeanu. M\u0103 al\u0103tur tuturor colegilor mei social-democra\u0163i \u015fi \u00eemi anun\u0163 sus\u0163inerea f\u0103r\u0103 rezerve a Executivului condus de Sorin Grindeanu!<\/p>\n<p style=\"text-align: justify;\">Am promis \u00een campania electoral\u0103 c\u0103 vom implementa m\u0103suri bune, sustenabile, care s\u0103 duc\u0103 la cre\u015fterea nivelului de trai al tuturor rom\u00e2nilor, care s\u0103 vizeze inclusiv aducerea a c\u00e2t mai multor rom\u00e2ni \u00een clasa de mijloc.<\/p>\n<p style=\"text-align: justify;\">Guvernul PSD-ALDE a reu\u015fit, \u00eentr-o singur\u0103 lun\u0103, s\u0103 ia \u00een acest sens zeci de m\u0103suri socio-economice. Putem vorbi, f\u0103r\u0103 \u00eendoial\u0103, despre un record \u00een Rom\u00e2nia, din acest punct de vedere.<\/p>\n<p style=\"text-align: justify;\">Au fost majorate pensii, salarii, indemniza\u0163ii, burse, au fost eliminate taxe, CASS-ul pentru pensionarii cu venituri mici, \u015fi nu numai, au fost stabilite gratuit\u0103\u0163i pentru studen\u0163i, sprijin pentru tinerii care vor s\u0103-\u015fi cumpere o locuin\u0163\u0103 \u015fi lista continu\u0103.<\/p>\n<p style=\"text-align: justify;\">Da, Guvernul Grindeanu trebuie s\u0103 duc\u0103 la bun sf\u00e2r\u015fit tot ceea ce \u015fi-a propus \u00een Programul de Guvernare! Rom\u00e2nii au ar\u0103tat, pe 11 decembrie, c\u0103 au \u00eencredere \u00een noi \u015fi nu-i vom dezam\u0103gi!\u201d<\/p>\n<p style=\"text-align: justify;\"><strong><em>\u00a0<\/em><\/strong><\/p>\n<p style=\"text-align: justify;\"><strong><em>\u00a0<\/em><\/strong><\/p>\n<p style=\"text-align: justify;\"><strong><em>Cristina-Elena Dinu,<\/em><\/strong><\/p>\n<p style=\"text-align: justify;\"><strong><em>Deputat Circumscrip\u0163ie nr. 19 Giurgiu<\/em><\/strong><\/p>\n","protected":false},"excerpt":{"rendered":"<p>\u201ePre\u015fedintele PSD Giurgiu, Marian Mina, a anun\u0163at, \u00een urm\u0103 cu pu\u0163in timp, c\u0103<\/p>\n","protected":false},"author":2,"featured_media":0,"comment_status":"open","ping_status":"open","sticky":false,"template":"","format":"standard","meta":{"footnotes":""},"categories":[8],"tags":[],"class_list":["post-37545","post","type-post","status-publish","format-standard","hentry","category-alert-news"],"_links":{"self":[{"href":"https:\/\/www.giurgiuveanul.ro\/stiri\/wp-json\/wp\/v2\/posts\/37545","targetHints":{"allow":["GET"]}}],"collection":[{"href":"https:\/\/www.giurgiuveanul.ro\/stiri\/wp-json\/wp\/v2\/posts"}],"about":[{"href":"https:\/\/www.giurgiuveanul.ro\/stiri\/wp-json\/wp\/v2\/types\/post"}],"author":[{"embeddable":true,"href":"https:\/\/www.giurgiuveanul.ro\/stiri\/wp-json\/wp\/v2\/users\/2"}],"replies":[{"embeddable":true,"href":"https:\/\/www.giurgiuveanul.ro\/stiri\/wp-json\/wp\/v2\/comments?post=37545"}],"version-history":[{"count":0,"href":"https:\/\/www.giurgiuveanul.ro\/stiri\/wp-json\/wp\/v2\/posts\/37545\/revisions"}],"wp:attachment":[{"href":"https:\/\/www.giurgiuveanul.ro\/stiri\/wp-json\/wp\/v2\/media?parent=37545"}],"wp:term":[{"taxonomy":"category","embeddable":true,"href":"https:\/\/www.giurgiuveanul.ro\/stiri\/wp-json\/wp\/v2\/categories?post=37545"},{"taxonomy":"post_tag","embeddable":true,"href":"https:\/\/www.giurgiuveanul.ro\/stiri\/wp-json\/wp\/v2\/tags?post=37545"}],"curies":[{"name":"wp","href":"https:\/\/api.w.org\/{rel}","templated":true}]}}