{"id":37584,"date":"2017-02-06T15:12:36","date_gmt":"2017-02-06T13:12:36","guid":{"rendered":"https:\/\/www.giurgiuveanul.ro\/stiri\/?p=37584"},"modified":"2017-02-06T15:13:04","modified_gmt":"2017-02-06T13:13:04","slug":"dosar-penal-dupa-ce-cainii-unei-femei-au-fost-omorati","status":"publish","type":"post","link":"https:\/\/www.giurgiuveanul.ro\/stiri\/dosar-penal-dupa-ce-cainii-unei-femei-au-fost-omorati\/","title":{"rendered":"Dosar penal dup\u0103 ce c\u00e2inii unei femei au fost omor\u00e2\u0163i"},"content":{"rendered":"<p style=\"text-align: justify;\"><a href=\"https:\/\/www.giurgiuveanul.ro\/stiri\/wp-content\/uploads\/2017\/02\/60459902.jpg\"><img loading=\"lazy\" decoding=\"async\" class=\"aligncenter size-large wp-image-37585\" src=\"https:\/\/www.giurgiuveanul.ro\/stiri\/wp-content\/uploads\/2017\/02\/60459902-560x420.jpg\" alt=\"60459902\" width=\"560\" height=\"420\" srcset=\"https:\/\/www.giurgiuveanul.ro\/stiri\/wp-content\/uploads\/2017\/02\/60459902-560x420.jpg 560w, https:\/\/www.giurgiuveanul.ro\/stiri\/wp-content\/uploads\/2017\/02\/60459902-250x188.jpg 250w, https:\/\/www.giurgiuveanul.ro\/stiri\/wp-content\/uploads\/2017\/02\/60459902-400x300.jpg 400w, https:\/\/www.giurgiuveanul.ro\/stiri\/wp-content\/uploads\/2017\/02\/60459902.jpg 620w\" sizes=\"auto, (max-width: 560px) 100vw, 560px\" \/><\/a>Cercet\u0103rile \u00een cazul celor trei c\u00e2ini g\u0103si\u0163i mor\u0163i \u00een <!--more-->curtea unei femei din G\u0103ujani au continuat, iar poli\u0163i\u015ftii au deschis un dosar in rem pentru infrac\u0163iunea de ucidere a animalelor, cu inten\u0163ie, f\u0103r\u0103 drept.<\/p>\n<p style=\"text-align: justify;\">Reamintim c\u0103 s\u00e2mb\u0103t\u0103 diminea\u0163\u0103, Florica Buzatu, o femeie de 65 de ani, din G\u0103ujani, \u015fi-a g\u0103sit c\u00e2inii mor\u0163i, dup\u0103 ce, sus\u0163ine ea, ar fi ingerat otrav\u0103 care ar fi fost pus\u0103 cu inten\u0163ie. La fa\u0163a locului s-a deplasat o echip\u0103 complex\u0103 format\u0103 din poli\u0163i\u015fti criminali\u015fti, de la AEST \u015fi medici veterinari.<\/p>\n<p style=\"text-align: justify;\">Necropsia pe care o vor efectua medicii veterinari precum \u015fi raportul toxicologic, coroborate cu cercet\u0103rile poli\u0163i\u015ftilor, vor stabili cauza dar \u015fi \u00eemprejur\u0103rile \u00een care au murit\u00a0animalele.<\/p>\n","protected":false},"excerpt":{"rendered":"<p>Cercet\u0103rile \u00een cazul celor trei c\u00e2ini g\u0103si\u0163i mor\u0163i \u00een<\/p>\n","protected":false},"author":2,"featured_media":0,"comment_status":"open","ping_status":"open","sticky":false,"template":"","format":"standard","meta":{"footnotes":""},"categories":[8],"tags":[],"class_list":["post-37584","post","type-post","status-publish","format-standard","hentry","category-alert-news"],"_links":{"self":[{"href":"https:\/\/www.giurgiuveanul.ro\/stiri\/wp-json\/wp\/v2\/posts\/37584","targetHints":{"allow":["GET"]}}],"collection":[{"href":"https:\/\/www.giurgiuveanul.ro\/stiri\/wp-json\/wp\/v2\/posts"}],"about":[{"href":"https:\/\/www.giurgiuveanul.ro\/stiri\/wp-json\/wp\/v2\/types\/post"}],"author":[{"embeddable":true,"href":"https:\/\/www.giurgiuveanul.ro\/stiri\/wp-json\/wp\/v2\/users\/2"}],"replies":[{"embeddable":true,"href":"https:\/\/www.giurgiuveanul.ro\/stiri\/wp-json\/wp\/v2\/comments?post=37584"}],"version-history":[{"count":0,"href":"https:\/\/www.giurgiuveanul.ro\/stiri\/wp-json\/wp\/v2\/posts\/37584\/revisions"}],"wp:attachment":[{"href":"https:\/\/www.giurgiuveanul.ro\/stiri\/wp-json\/wp\/v2\/media?parent=37584"}],"wp:term":[{"taxonomy":"category","embeddable":true,"href":"https:\/\/www.giurgiuveanul.ro\/stiri\/wp-json\/wp\/v2\/categories?post=37584"},{"taxonomy":"post_tag","embeddable":true,"href":"https:\/\/www.giurgiuveanul.ro\/stiri\/wp-json\/wp\/v2\/tags?post=37584"}],"curies":[{"name":"wp","href":"https:\/\/api.w.org\/{rel}","templated":true}]}}