{"id":37617,"date":"2017-02-07T16:11:21","date_gmt":"2017-02-07T14:11:21","guid":{"rendered":"https:\/\/www.giurgiuveanul.ro\/stiri\/?p=37617"},"modified":"2017-02-07T16:11:21","modified_gmt":"2017-02-07T14:11:21","slug":"niculae-badalau-presedintele-iohannis-avut-acelasi-discurs-de-imparti-romania-in-doua","status":"publish","type":"post","link":"https:\/\/www.giurgiuveanul.ro\/stiri\/niculae-badalau-presedintele-iohannis-avut-acelasi-discurs-de-imparti-romania-in-doua\/","title":{"rendered":"Niculae B\u0103d\u0103l\u0103u: \u201ePre\u0219edintele Iohannis a avut acela\u0219i discurs de a \u00eemp\u0103r\u021bi Rom\u00e2nia \u00een dou\u0103\u201d"},"content":{"rendered":"<p style=\"text-align: justify;\"><strong><a href=\"https:\/\/www.giurgiuveanul.ro\/stiri\/wp-content\/uploads\/2017\/02\/nicolae-badalau.jpg\"><img loading=\"lazy\" decoding=\"async\" class=\"aligncenter size-large wp-image-37618\" src=\"https:\/\/www.giurgiuveanul.ro\/stiri\/wp-content\/uploads\/2017\/02\/nicolae-badalau-560x431.jpg\" alt=\"nicolae-badalau\" width=\"560\" height=\"431\" srcset=\"https:\/\/www.giurgiuveanul.ro\/stiri\/wp-content\/uploads\/2017\/02\/nicolae-badalau-560x431.jpg 560w, https:\/\/www.giurgiuveanul.ro\/stiri\/wp-content\/uploads\/2017\/02\/nicolae-badalau-250x192.jpg 250w, https:\/\/www.giurgiuveanul.ro\/stiri\/wp-content\/uploads\/2017\/02\/nicolae-badalau-400x308.jpg 400w, https:\/\/www.giurgiuveanul.ro\/stiri\/wp-content\/uploads\/2017\/02\/nicolae-badalau.jpg 800w\" sizes=\"auto, (max-width: 560px) 100vw, 560px\" \/><\/a>Vicepre\u0219edintele Senatului, Niculae B\u0103d\u0103l\u0103u, a declarat c\u0103 pre\u0219edintele Klaus Iohannis a<!--more--> avut acela\u0219i discurs de a \u00eemp\u0103r\u021bi Rom\u00e2nia \u00een dou\u0103. El a precizat c\u0103 PSD se a\u0219tepta ca mesajul \u0219efului statului s\u0103 fie unul de unitate.<\/strong><\/p>\n<p style=\"text-align: justify;\"><em>\u201eDiscursul d\u00e2nsului ne a\u0219teptam s\u0103 fie un discurs de unificare, un discurs pentru rom\u00e2ni, pentru Rom\u00e2nia, pentru o \u021bar\u0103 unit\u0103, pentru un popor unit. \u0218tim foarte bine c\u0103 d\u00e2nsul a avut un exces atunci c\u00e2nd a mers \u00een Pia\u021b\u0103 \u0219i a sprijinit o parte a popula\u021biei \u0219i ast\u0103zi avem dou\u0103 Rom\u00e2nii \u2014 avem un popor care manifest\u0103 \u00een Pia\u021ba Victoriei \u0219i un popor care manifest\u0103 la Cotroceni. Trebuie s\u0103 \u00eencheiem acest subiect, trebuie s\u0103 avem un popor unit, un popor care s\u0103 aib\u0103 responsabilitatea \u0219i respectul fa\u021b\u0103 de institu\u021biile statului \u0219i, \u00een acela\u0219i timp, un Guvern care s\u0103 guverneze pentru binele Rom\u00e2niei. Nu putem \u00eemp\u0103r\u021bi Rom\u00e2nia \u00een dou\u0103. Domul pre\u0219edinte a avut acela\u0219i discurs de a \u00eemp\u0103r\u021bi Rom\u00e2nia \u00een dou\u0103&#8221;<\/em>, a declarat acesta, mar\u021bi, dup\u0103 ce a p\u0103r\u0103sit sala de \u0219edin\u021be a plenului comun al Parlamentului \u00een care pre\u0219edintele Klaus Iohannis \u00ee\u0219i sus\u021binea discursul.<\/p>\n<p style=\"text-align: justify;\">B\u0103d\u0103l\u0103u a explicat de ce parlamentarii PSD \u0219i ALDE au ales s\u0103 p\u0103r\u0103seasc\u0103 sala plenului.<\/p>\n<p style=\"text-align: justify;\"><em>\u201eAst\u0103zi, Camerele reunite ale Parlamentului, ca o institu\u021bie responsabil\u0103 \u0219i serioas\u0103, a avut un comportament extrem de civilizat fa\u021b\u0103 de dl pre\u0219edinte \u0219i d\u00e2nsul a fost tratat cu respectul Institu\u021biei preziden\u021biale. (&#8230;) Cu toate c\u0103 au fost informa\u021bii c\u0103 vor fi pancarte, c\u0103 vor fi vocifer\u0103ri, nu a fost absolut nimic \u0219i noi consider\u0103m c\u0103 Institu\u021bia preziden\u021bial\u0103, care a fost aleas\u0103 prin vot democratic, m\u0103 refer la dl Iohannis, trebuie respectat\u0103 \u00eentr-un stat de drept&#8221;<\/em>, a mai spus B\u0103d\u0103l\u0103u.<\/p>\n<p style=\"text-align: justify;\">Referitor la faptul c\u0103 pre\u0219edintele Camerei Deputa\u021bilor, Liviu Dragnea, nu a p\u0103r\u0103sit sala plenului Parlamentului, Niculae B\u0103d\u0103l\u0103u a precizat: \u201eDl pre\u0219edinte Dragnea a r\u0103mas \u00een sal\u0103 fiind pre\u0219edintele Camerei Deputa\u021bilor, fiind obligat de func\u021bie&#8221;.<\/p>\n<p style=\"text-align: justify;\">\u00cen timpul discursului sus\u021binut de pre\u0219edintele Klaus Iohannis \u00een fa\u021ba Parlamentului, deputa\u021bii \u0219i senatorii PSD \u0219i ALDE au p\u0103r\u0103sit sala de \u0219edin\u021b\u0103.<\/p>\n","protected":false},"excerpt":{"rendered":"<p>Vicepre\u0219edintele Senatului, Niculae B\u0103d\u0103l\u0103u, a declarat c\u0103 pre\u0219edintele Klaus Iohannis a<\/p>\n","protected":false},"author":2,"featured_media":0,"comment_status":"open","ping_status":"open","sticky":false,"template":"","format":"standard","meta":{"footnotes":""},"categories":[21],"tags":[],"class_list":["post-37617","post","type-post","status-publish","format-standard","hentry","category-opinia-mea"],"_links":{"self":[{"href":"https:\/\/www.giurgiuveanul.ro\/stiri\/wp-json\/wp\/v2\/posts\/37617","targetHints":{"allow":["GET"]}}],"collection":[{"href":"https:\/\/www.giurgiuveanul.ro\/stiri\/wp-json\/wp\/v2\/posts"}],"about":[{"href":"https:\/\/www.giurgiuveanul.ro\/stiri\/wp-json\/wp\/v2\/types\/post"}],"author":[{"embeddable":true,"href":"https:\/\/www.giurgiuveanul.ro\/stiri\/wp-json\/wp\/v2\/users\/2"}],"replies":[{"embeddable":true,"href":"https:\/\/www.giurgiuveanul.ro\/stiri\/wp-json\/wp\/v2\/comments?post=37617"}],"version-history":[{"count":0,"href":"https:\/\/www.giurgiuveanul.ro\/stiri\/wp-json\/wp\/v2\/posts\/37617\/revisions"}],"wp:attachment":[{"href":"https:\/\/www.giurgiuveanul.ro\/stiri\/wp-json\/wp\/v2\/media?parent=37617"}],"wp:term":[{"taxonomy":"category","embeddable":true,"href":"https:\/\/www.giurgiuveanul.ro\/stiri\/wp-json\/wp\/v2\/categories?post=37617"},{"taxonomy":"post_tag","embeddable":true,"href":"https:\/\/www.giurgiuveanul.ro\/stiri\/wp-json\/wp\/v2\/tags?post=37617"}],"curies":[{"name":"wp","href":"https:\/\/api.w.org\/{rel}","templated":true}]}}