{"id":37652,"date":"2017-02-08T15:13:50","date_gmt":"2017-02-08T13:13:50","guid":{"rendered":"https:\/\/www.giurgiuveanul.ro\/stiri\/?p=37652"},"modified":"2017-02-08T15:14:36","modified_gmt":"2017-02-08T13:14:36","slug":"ancheta-in-cazul-barbatului-gasit-mort-in-fata-unui-magazin","status":"publish","type":"post","link":"https:\/\/www.giurgiuveanul.ro\/stiri\/ancheta-in-cazul-barbatului-gasit-mort-in-fata-unui-magazin\/","title":{"rendered":"Anchet\u0103 \u00een cazul b\u0103rbatului g\u0103sit mort \u00een fa\u0163a unui magazin"},"content":{"rendered":"<p style=\"text-align: justify;\"><a href=\"https:\/\/www.giurgiuveanul.ro\/stiri\/wp-content\/uploads\/2017\/02\/IMG_8288.jpg\"><img loading=\"lazy\" decoding=\"async\" class=\"aligncenter size-large wp-image-37653\" src=\"https:\/\/www.giurgiuveanul.ro\/stiri\/wp-content\/uploads\/2017\/02\/IMG_8288-560x369.jpg\" alt=\"IMG_8288\" width=\"560\" height=\"369\" srcset=\"https:\/\/www.giurgiuveanul.ro\/stiri\/wp-content\/uploads\/2017\/02\/IMG_8288-560x369.jpg 560w, https:\/\/www.giurgiuveanul.ro\/stiri\/wp-content\/uploads\/2017\/02\/IMG_8288-250x165.jpg 250w, https:\/\/www.giurgiuveanul.ro\/stiri\/wp-content\/uploads\/2017\/02\/IMG_8288-400x264.jpg 400w, https:\/\/www.giurgiuveanul.ro\/stiri\/wp-content\/uploads\/2017\/02\/IMG_8288.jpg 800w\" sizes=\"auto, (max-width: 560px) 100vw, 560px\" \/><\/a>Polti\u0163i\u015ftii au deschis o anchet\u0103, sub coordonarea <!--more-->unui procuror, \u00een care fac cercet\u0103ri cu privire la \u00eemprejur\u0103rile \u00een care s-a produs decesul b\u0103rbatului g\u0103sit mort ast\u0103zi, \u00een fa\u0163a unui magazin (\u00eenchis) de pe strada 1 Decembrie, din Giurgiu.<\/p>\n<p style=\"text-align: justify;\">Totodat\u0103, poli\u0163i\u015ftii l-au identificat pe b\u0103rbat, acesta fiind din comuna Str\u0103oane, jude\u0163ul Vrancea. El avea 48 de ani \u015fi locuia f\u0103r\u0103 forme legale \u00een Giurgiu, fiind cunoscut ca persoan\u0103 f\u0103r\u0103 ad\u0103post.<\/p>\n<p style=\"text-align: justify;\">\u00cen cauz\u0103 s-a deschis un dosar de moarte suspect\u0103, urm\u00e2nd ca \u00een func\u0163ie de rezultatul medico-legal s\u0103 se stabileasc\u0103 \u015fi cauza decesului.<\/p>\n","protected":false},"excerpt":{"rendered":"<p>Polti\u0163i\u015ftii au deschis o anchet\u0103, sub coordonarea<\/p>\n","protected":false},"author":2,"featured_media":0,"comment_status":"open","ping_status":"open","sticky":false,"template":"","format":"standard","meta":{"footnotes":""},"categories":[8],"tags":[],"class_list":["post-37652","post","type-post","status-publish","format-standard","hentry","category-alert-news"],"_links":{"self":[{"href":"https:\/\/www.giurgiuveanul.ro\/stiri\/wp-json\/wp\/v2\/posts\/37652","targetHints":{"allow":["GET"]}}],"collection":[{"href":"https:\/\/www.giurgiuveanul.ro\/stiri\/wp-json\/wp\/v2\/posts"}],"about":[{"href":"https:\/\/www.giurgiuveanul.ro\/stiri\/wp-json\/wp\/v2\/types\/post"}],"author":[{"embeddable":true,"href":"https:\/\/www.giurgiuveanul.ro\/stiri\/wp-json\/wp\/v2\/users\/2"}],"replies":[{"embeddable":true,"href":"https:\/\/www.giurgiuveanul.ro\/stiri\/wp-json\/wp\/v2\/comments?post=37652"}],"version-history":[{"count":0,"href":"https:\/\/www.giurgiuveanul.ro\/stiri\/wp-json\/wp\/v2\/posts\/37652\/revisions"}],"wp:attachment":[{"href":"https:\/\/www.giurgiuveanul.ro\/stiri\/wp-json\/wp\/v2\/media?parent=37652"}],"wp:term":[{"taxonomy":"category","embeddable":true,"href":"https:\/\/www.giurgiuveanul.ro\/stiri\/wp-json\/wp\/v2\/categories?post=37652"},{"taxonomy":"post_tag","embeddable":true,"href":"https:\/\/www.giurgiuveanul.ro\/stiri\/wp-json\/wp\/v2\/tags?post=37652"}],"curies":[{"name":"wp","href":"https:\/\/api.w.org\/{rel}","templated":true}]}}