{"id":37675,"date":"2017-02-09T09:13:55","date_gmt":"2017-02-09T07:13:55","guid":{"rendered":"https:\/\/www.giurgiuveanul.ro\/stiri\/?p=37675"},"modified":"2017-02-09T09:13:55","modified_gmt":"2017-02-09T07:13:55","slug":"fost-ridicata-restrictia-de-circulatie-de-pe-drum-din-judetul-giurgiu","status":"publish","type":"post","link":"https:\/\/www.giurgiuveanul.ro\/stiri\/fost-ridicata-restrictia-de-circulatie-de-pe-drum-din-judetul-giurgiu\/","title":{"rendered":"A fost ridicat\u0103 restric\u0163ia de circula\u0163ie de pe un drum din jude\u0163ul Giurgiu"},"content":{"rendered":"<p style=\"text-align: justify;\"><strong><a href=\"https:\/\/www.giurgiuveanul.ro\/stiri\/wp-content\/uploads\/2017\/02\/IMG_8338.jpg\"><img loading=\"lazy\" decoding=\"async\" class=\"aligncenter size-large wp-image-37676\" src=\"https:\/\/www.giurgiuveanul.ro\/stiri\/wp-content\/uploads\/2017\/02\/IMG_8338-560x335.jpg\" alt=\"IMG_8338\" width=\"560\" height=\"335\" srcset=\"https:\/\/www.giurgiuveanul.ro\/stiri\/wp-content\/uploads\/2017\/02\/IMG_8338-560x335.jpg 560w, https:\/\/www.giurgiuveanul.ro\/stiri\/wp-content\/uploads\/2017\/02\/IMG_8338-250x150.jpg 250w, https:\/\/www.giurgiuveanul.ro\/stiri\/wp-content\/uploads\/2017\/02\/IMG_8338-400x240.jpg 400w, https:\/\/www.giurgiuveanul.ro\/stiri\/wp-content\/uploads\/2017\/02\/IMG_8338.jpg 800w\" sizes=\"auto, (max-width: 560px) 100vw, 560px\" \/><\/a>\u00cen aceast\u0103 diminea\u0163\u0103, informeaz\u0103 Centrul INFOTRAFIC din Inspectoratului General al Poli\u0163iei Rom\u00e2ne, <!--more-->nu sunt anun\u021bate drumuri na\u021bionale sau autostr\u0103zi cu circula\u021bia oprit\u0103 din cauza vremii nefavorabile sau a vreunui eveniment rutier.<\/strong><\/p>\n<p style=\"text-align: justify;\">Pe un singur drum na\u021bional a mai r\u0103mas instituit\u0103 restric\u021bie de tonaj (7,5 tone). Este vorba despre DN28A T\u00e2rgu Frumos \u2013 Mo\u021bca, \u00een jude\u021bul Ia\u0219i. Semnal\u0103m c\u0103 restric\u021bia de tonaj de pe DN5B Giurgiu \u2013 Ghimpa\u021bi (\u00een jude\u021bul Giurgiu) a fost ridicat\u0103, \u00eencep\u00e2nd cu ora 06.15.<\/p>\n<p style=\"text-align: justify;\">Av\u00e2nd \u00een vedere informarea meteorologic\u0103, respectiv aten\u021bionarea meteorologic\u0103 de vreme rea, emise de c\u0103tre ANM \u0219i care ar trebui s\u0103 ias\u0103 din vigoare \u00een aceast\u0103 diminea\u021b\u0103, sf\u0103tuim conduc\u0103torii auto care se deplaseaz\u0103 \u00een zonele aflate sub inciden\u021ba acestora s\u0103 ruleze cu vitez\u0103 adaptat\u0103, s\u0103 m\u0103reasc\u0103 distan\u0163a \u00een mers, s\u0103 nu bruscheze comenzile \u015fi s\u0103 utilizeze cu prec\u0103dere fr\u00e2na de motor.<\/p>\n<p style=\"text-align: justify;\">Mare aten\u0163ie! Iarna, c\u00e2nd temperaturile sunt sc\u0103zute, ploaia este, probabil, cel mai periculos fenomen pentru traficul rutier, pentru c\u0103 \u00eendep\u0103rteaz\u0103 materialul antiderapant, iar pe partea carosabil\u0103 poleiul se formeaz\u0103 \u00eentr-un timp foarte scurt.<\/p>\n","protected":false},"excerpt":{"rendered":"<p>\u00cen aceast\u0103 diminea\u0163\u0103, informeaz\u0103 Centrul INFOTRAFIC din Inspectoratului General al Poli\u0163iei Rom\u00e2ne,<\/p>\n","protected":false},"author":2,"featured_media":0,"comment_status":"open","ping_status":"open","sticky":false,"template":"","format":"standard","meta":{"footnotes":""},"categories":[8],"tags":[],"class_list":["post-37675","post","type-post","status-publish","format-standard","hentry","category-alert-news"],"_links":{"self":[{"href":"https:\/\/www.giurgiuveanul.ro\/stiri\/wp-json\/wp\/v2\/posts\/37675","targetHints":{"allow":["GET"]}}],"collection":[{"href":"https:\/\/www.giurgiuveanul.ro\/stiri\/wp-json\/wp\/v2\/posts"}],"about":[{"href":"https:\/\/www.giurgiuveanul.ro\/stiri\/wp-json\/wp\/v2\/types\/post"}],"author":[{"embeddable":true,"href":"https:\/\/www.giurgiuveanul.ro\/stiri\/wp-json\/wp\/v2\/users\/2"}],"replies":[{"embeddable":true,"href":"https:\/\/www.giurgiuveanul.ro\/stiri\/wp-json\/wp\/v2\/comments?post=37675"}],"version-history":[{"count":0,"href":"https:\/\/www.giurgiuveanul.ro\/stiri\/wp-json\/wp\/v2\/posts\/37675\/revisions"}],"wp:attachment":[{"href":"https:\/\/www.giurgiuveanul.ro\/stiri\/wp-json\/wp\/v2\/media?parent=37675"}],"wp:term":[{"taxonomy":"category","embeddable":true,"href":"https:\/\/www.giurgiuveanul.ro\/stiri\/wp-json\/wp\/v2\/categories?post=37675"},{"taxonomy":"post_tag","embeddable":true,"href":"https:\/\/www.giurgiuveanul.ro\/stiri\/wp-json\/wp\/v2\/tags?post=37675"}],"curies":[{"name":"wp","href":"https:\/\/api.w.org\/{rel}","templated":true}]}}