{"id":37681,"date":"2017-02-09T14:22:59","date_gmt":"2017-02-09T12:22:59","guid":{"rendered":"https:\/\/www.giurgiuveanul.ro\/stiri\/?p=37681"},"modified":"2017-02-09T14:22:59","modified_gmt":"2017-02-09T12:22:59","slug":"perchezitii-la-giurgiu-7","status":"publish","type":"post","link":"https:\/\/www.giurgiuveanul.ro\/stiri\/perchezitii-la-giurgiu-7\/","title":{"rendered":"Perchezi\u0163ii la Giurgiu"},"content":{"rendered":"<p style=\"text-align: justify;\"><a href=\"https:\/\/www.giurgiuveanul.ro\/stiri\/wp-content\/uploads\/2017\/02\/perchezitii-.jpg\"><img loading=\"lazy\" decoding=\"async\" class=\"aligncenter size-large wp-image-37682\" src=\"https:\/\/www.giurgiuveanul.ro\/stiri\/wp-content\/uploads\/2017\/02\/perchezitii--560x389.jpg\" alt=\"perchezitii-\" width=\"560\" height=\"389\" srcset=\"https:\/\/www.giurgiuveanul.ro\/stiri\/wp-content\/uploads\/2017\/02\/perchezitii--560x389.jpg 560w, https:\/\/www.giurgiuveanul.ro\/stiri\/wp-content\/uploads\/2017\/02\/perchezitii--250x174.jpg 250w, https:\/\/www.giurgiuveanul.ro\/stiri\/wp-content\/uploads\/2017\/02\/perchezitii--400x278.jpg 400w, https:\/\/www.giurgiuveanul.ro\/stiri\/wp-content\/uploads\/2017\/02\/perchezitii-.jpg 710w\" sizes=\"auto, (max-width: 560px) 100vw, 560px\" \/><\/a>Poli\u0163i\u015fti din cadrul Direc\u0163iei Generale de Poli\u0163ie <!--more-->a Municipiului Bucure\u015fti, sub supravegherea Parchetului de pe l\u00e2ng\u0103 Judec\u0103toria sectorului 4, au pus \u00een aplicare 21 mandate de perchezi\u0163ie domiciliar\u0103 \u015fi 26 de mandate de aducere, \u00een municipiul Bucure\u015fti \u015fi jude\u0163ul Giurgiu, \u00eentr-un dosar privind s\u0103v\u00e2r\u015firea mai multor furturi din incinta centrelor comerciale.<\/p>\n<p style=\"text-align: justify;\">Din datele \u015fi probele administrate \u00een cauz\u0103 rezult\u0103 presupunerea rezonabil\u0103 c\u0103 membrii grupului format din 9 b\u0103rba\u0163i, au sustras obiecte de vestimenta\u0163ie, parfumuri \u015fi b\u0103uturi alcoolice din centre comerciale situate \u00een Bucure\u015fti, Br\u0103ila, Bra\u015fov \u015fi Ploie\u015fti, bunurile fiind v\u00e2ndute ulterior la diver\u015fi cunoscu\u0163i sub pre\u0163ul de v\u00e2nzare din magazin \u015fi rev\u00e2ndute de cei din urm\u0103.<\/p>\n<p style=\"text-align: justify;\">Prejudiciul creat prin s\u0103v\u00e2r\u015firea faptelor este de aproximativ 100.000 de lei.<\/p>\n<p style=\"text-align: justify;\">Cu ocazia efectu\u0103rii perchezi\u0163iilor domiciliare au fost conduse pentru audieri 25 de persoane la sediul Sec\u0163iei 15 Poli\u0163ie.<\/p>\n<p style=\"text-align: justify;\">Ac\u021biunea beneficiaz\u0103 de suportul de specialitate al Direc\u021biei Opera\u021biuni Speciale \u0219i al Unit\u0103\u021bii Teritoriale de Analiz\u0103 a Informa\u021biilor din cadrul Inspectoratului General al Poli\u021biei Rom\u00e2ne \u0219i de sprijinul Direc\u021biei Generale Antifraud\u0103 Fiscal\u0103.<\/p>\n","protected":false},"excerpt":{"rendered":"<p>Poli\u0163i\u015fti din cadrul Direc\u0163iei Generale de Poli\u0163ie<\/p>\n","protected":false},"author":2,"featured_media":0,"comment_status":"open","ping_status":"open","sticky":false,"template":"","format":"standard","meta":{"footnotes":""},"categories":[8],"tags":[],"class_list":["post-37681","post","type-post","status-publish","format-standard","hentry","category-alert-news"],"_links":{"self":[{"href":"https:\/\/www.giurgiuveanul.ro\/stiri\/wp-json\/wp\/v2\/posts\/37681","targetHints":{"allow":["GET"]}}],"collection":[{"href":"https:\/\/www.giurgiuveanul.ro\/stiri\/wp-json\/wp\/v2\/posts"}],"about":[{"href":"https:\/\/www.giurgiuveanul.ro\/stiri\/wp-json\/wp\/v2\/types\/post"}],"author":[{"embeddable":true,"href":"https:\/\/www.giurgiuveanul.ro\/stiri\/wp-json\/wp\/v2\/users\/2"}],"replies":[{"embeddable":true,"href":"https:\/\/www.giurgiuveanul.ro\/stiri\/wp-json\/wp\/v2\/comments?post=37681"}],"version-history":[{"count":0,"href":"https:\/\/www.giurgiuveanul.ro\/stiri\/wp-json\/wp\/v2\/posts\/37681\/revisions"}],"wp:attachment":[{"href":"https:\/\/www.giurgiuveanul.ro\/stiri\/wp-json\/wp\/v2\/media?parent=37681"}],"wp:term":[{"taxonomy":"category","embeddable":true,"href":"https:\/\/www.giurgiuveanul.ro\/stiri\/wp-json\/wp\/v2\/categories?post=37681"},{"taxonomy":"post_tag","embeddable":true,"href":"https:\/\/www.giurgiuveanul.ro\/stiri\/wp-json\/wp\/v2\/tags?post=37681"}],"curies":[{"name":"wp","href":"https:\/\/api.w.org\/{rel}","templated":true}]}}