{"id":37699,"date":"2017-02-10T09:01:04","date_gmt":"2017-02-10T07:01:04","guid":{"rendered":"https:\/\/www.giurgiuveanul.ro\/stiri\/?p=37699"},"modified":"2017-02-10T09:01:04","modified_gmt":"2017-02-10T07:01:04","slug":"incendiu-la-cos-de-fum-din-stanesti-pompierii-au-intervenit-rapid-si-au-salvat-situatia","status":"publish","type":"post","link":"https:\/\/www.giurgiuveanul.ro\/stiri\/incendiu-la-cos-de-fum-din-stanesti-pompierii-au-intervenit-rapid-si-au-salvat-situatia\/","title":{"rendered":"Incendiu la un co\u0219 de fum din St\u0103ne\u015fti. Pompierii au intervenit rapid \u0219i au salvat situa\u021bia"},"content":{"rendered":"<p style=\"text-align: justify;\"><a href=\"https:\/\/www.giurgiuveanul.ro\/stiri\/wp-content\/uploads\/2017\/02\/IMG-20170210-WA0001.jpg\"><img loading=\"lazy\" decoding=\"async\" class=\"aligncenter size-large wp-image-37700\" src=\"https:\/\/www.giurgiuveanul.ro\/stiri\/wp-content\/uploads\/2017\/02\/IMG-20170210-WA0001-338x450.jpg\" alt=\"IMG-20170210-WA0001\" width=\"338\" height=\"450\" srcset=\"https:\/\/www.giurgiuveanul.ro\/stiri\/wp-content\/uploads\/2017\/02\/IMG-20170210-WA0001-338x450.jpg 338w, https:\/\/www.giurgiuveanul.ro\/stiri\/wp-content\/uploads\/2017\/02\/IMG-20170210-WA0001-225x300.jpg 225w, https:\/\/www.giurgiuveanul.ro\/stiri\/wp-content\/uploads\/2017\/02\/IMG-20170210-WA0001-400x533.jpg 400w, https:\/\/www.giurgiuveanul.ro\/stiri\/wp-content\/uploads\/2017\/02\/IMG-20170210-WA0001.jpg 1200w\" sizes=\"auto, (max-width: 338px) 100vw, 338px\" \/><\/a>Azi noapte, \u00een jurl orei 2.50, ISU Giurgiu a <!--more-->fost anun\u0163at despre izbucnirea unui incendiu la co\u015ful de fum al unei case de locuit, din localitatea St\u0103ne\u015fti. La \u00a0fa\u0163a locului s-au deplasat pompierii din cadrul Deta\u015famentului de Pompieri Giurgiu, care au intervenit cu dou\u0103 autospeciale de stingere cu ap\u0103 \u015fi spum\u0103.<\/p>\n<p style=\"text-align: justify;\"><a href=\"https:\/\/www.giurgiuveanul.ro\/stiri\/wp-content\/uploads\/2017\/02\/IMG-20170210-WA0002.jpg\"><img loading=\"lazy\" decoding=\"async\" class=\"aligncenter size-large wp-image-37701\" src=\"https:\/\/www.giurgiuveanul.ro\/stiri\/wp-content\/uploads\/2017\/02\/IMG-20170210-WA0002-338x450.jpg\" alt=\"IMG-20170210-WA0002\" width=\"338\" height=\"450\" srcset=\"https:\/\/www.giurgiuveanul.ro\/stiri\/wp-content\/uploads\/2017\/02\/IMG-20170210-WA0002-338x450.jpg 338w, https:\/\/www.giurgiuveanul.ro\/stiri\/wp-content\/uploads\/2017\/02\/IMG-20170210-WA0002-225x300.jpg 225w, https:\/\/www.giurgiuveanul.ro\/stiri\/wp-content\/uploads\/2017\/02\/IMG-20170210-WA0002-400x533.jpg 400w, https:\/\/www.giurgiuveanul.ro\/stiri\/wp-content\/uploads\/2017\/02\/IMG-20170210-WA0002.jpg 1200w\" sizes=\"auto, (max-width: 338px) 100vw, 338px\" \/><\/a><\/p>\n<p style=\"text-align: justify;\">For\u0163ele de interven\u0163ie au constatat c\u0103 ardea co\u015ful de fum de la acoperi\u015ful casei, cu pericol de propagare la \u00eentreg acoperi\u015ful, respectiv, casa de locuit.<\/p>\n<p style=\"text-align: justify;\">Incendiul a fost lichidat \u00een jurul orei 3.50, fiind salvate astfel at\u00e2t imobilul, c\u00e2t \u015fi propriet\u0103\u0163ile \u00eenvecinate.<\/p>\n<p style=\"text-align: justify;\">Cauza probabil\u0103 a incendiului a fost un co\u015f de fum deteriorat.<\/p>\n<p style=\"text-align: justify;\">Pentru evitarea evenimentelor nedorite, pompierii recomand\u0103 cet\u0103\u0163enilor care utilizeaz\u0103 pentru \u00eenc\u0103lzirea locuin\u0163elor sobe sau centrale termice pe lemn, s\u0103 ia urm\u0103toarele m\u0103suri specifice de prevenire a incendiilor:<\/p>\n<p style=\"text-align: justify;\">verificarea st\u0103rii de func\u0163ionare a aparatelor \u015fi mijloacelor de \u00eenc\u0103lzire pe lemn; verificarea, repararea, izolarea termic\u0103 \u015fi cur\u0103\u0163area periodic\u0103 a co\u015furilor de evacuare a fumului de depunerile de funingine care se pot aprinde sau pot obtura canalele de evacuare.<\/p>\n","protected":false},"excerpt":{"rendered":"<p>Azi noapte, \u00een jurl orei 2.50, ISU Giurgiu a<\/p>\n","protected":false},"author":2,"featured_media":0,"comment_status":"open","ping_status":"open","sticky":false,"template":"","format":"standard","meta":{"footnotes":""},"categories":[8],"tags":[],"class_list":["post-37699","post","type-post","status-publish","format-standard","hentry","category-alert-news"],"_links":{"self":[{"href":"https:\/\/www.giurgiuveanul.ro\/stiri\/wp-json\/wp\/v2\/posts\/37699","targetHints":{"allow":["GET"]}}],"collection":[{"href":"https:\/\/www.giurgiuveanul.ro\/stiri\/wp-json\/wp\/v2\/posts"}],"about":[{"href":"https:\/\/www.giurgiuveanul.ro\/stiri\/wp-json\/wp\/v2\/types\/post"}],"author":[{"embeddable":true,"href":"https:\/\/www.giurgiuveanul.ro\/stiri\/wp-json\/wp\/v2\/users\/2"}],"replies":[{"embeddable":true,"href":"https:\/\/www.giurgiuveanul.ro\/stiri\/wp-json\/wp\/v2\/comments?post=37699"}],"version-history":[{"count":0,"href":"https:\/\/www.giurgiuveanul.ro\/stiri\/wp-json\/wp\/v2\/posts\/37699\/revisions"}],"wp:attachment":[{"href":"https:\/\/www.giurgiuveanul.ro\/stiri\/wp-json\/wp\/v2\/media?parent=37699"}],"wp:term":[{"taxonomy":"category","embeddable":true,"href":"https:\/\/www.giurgiuveanul.ro\/stiri\/wp-json\/wp\/v2\/categories?post=37699"},{"taxonomy":"post_tag","embeddable":true,"href":"https:\/\/www.giurgiuveanul.ro\/stiri\/wp-json\/wp\/v2\/tags?post=37699"}],"curies":[{"name":"wp","href":"https:\/\/api.w.org\/{rel}","templated":true}]}}