{"id":37726,"date":"2017-02-11T12:53:13","date_gmt":"2017-02-11T10:53:13","guid":{"rendered":"https:\/\/www.giurgiuveanul.ro\/stiri\/?p=37726"},"modified":"2017-02-11T12:53:13","modified_gmt":"2017-02-11T10:53:13","slug":"nu-au-depus-armele-in-termenul-legal-si-s-au-ales-cu-dosar-penal","status":"publish","type":"post","link":"https:\/\/www.giurgiuveanul.ro\/stiri\/nu-au-depus-armele-in-termenul-legal-si-s-au-ales-cu-dosar-penal\/","title":{"rendered":"Nu au depus armele \u00een termenul legal \u015fi&#8230; s-au ales cu dosar penal!"},"content":{"rendered":"<p style=\"text-align: justify;\"><a href=\"https:\/\/www.giurgiuveanul.ro\/stiri\/wp-content\/uploads\/2017\/02\/652x450_5a33154904d6ca6124282746831573.jpeg\"><img loading=\"lazy\" decoding=\"async\" class=\"aligncenter size-large wp-image-37727\" src=\"https:\/\/www.giurgiuveanul.ro\/stiri\/wp-content\/uploads\/2017\/02\/652x450_5a33154904d6ca6124282746831573-560x387.jpeg\" alt=\"652x450_5a33154904d6ca6124282746831573\" width=\"560\" height=\"387\" srcset=\"https:\/\/www.giurgiuveanul.ro\/stiri\/wp-content\/uploads\/2017\/02\/652x450_5a33154904d6ca6124282746831573-560x387.jpeg 560w, https:\/\/www.giurgiuveanul.ro\/stiri\/wp-content\/uploads\/2017\/02\/652x450_5a33154904d6ca6124282746831573-250x173.jpeg 250w, https:\/\/www.giurgiuveanul.ro\/stiri\/wp-content\/uploads\/2017\/02\/652x450_5a33154904d6ca6124282746831573-400x276.jpeg 400w, https:\/\/www.giurgiuveanul.ro\/stiri\/wp-content\/uploads\/2017\/02\/652x450_5a33154904d6ca6124282746831573.jpeg 652w\" sizes=\"auto, (max-width: 560px) 100vw, 560px\" \/><\/a>Poli\u021bi\u0219ti din cadrul Serviciului Arme Exploziv \u0219i Substan\u021be Periculoase au <!--more-->depistat doi b\u0103rba\u021bi din ora\u0219ul Mih\u0103ile\u0219ti \u0219i unul din comuna Ulmi, jude\u021bul Giurgiu care nu au depus armele \u00een termenul legal la un armurier autorizat dup\u0103 expirarea valabilit\u0103\u021bii permisului de arm\u0103.<\/p>\n<p style=\"text-align: justify;\">Cele trei de\u021bineau dou\u0103 pistoale cu gaze, o arm\u0103 de tir sportiv cu aer comprimat \u0219i muni\u021bie aferent\u0103, valabilitatea permiselor de arm\u0103 fiind expirat\u0103.<\/p>\n<p style=\"text-align: justify;\">Poli\u021bi\u0219tii au ridicat pentru cercet\u0103ri armele \u0219i muni\u021bia iar pe numele celor trei au fost deschise dosare penale pentru comiterea infrac\u021biunii de \u00a0nerespectarea regimului armelor \u0219i al muni\u021biilor.<\/p>\n","protected":false},"excerpt":{"rendered":"<p>Poli\u021bi\u0219ti din cadrul Serviciului Arme Exploziv \u0219i Substan\u021be Periculoase au<\/p>\n","protected":false},"author":2,"featured_media":0,"comment_status":"open","ping_status":"open","sticky":false,"template":"","format":"standard","meta":{"footnotes":""},"categories":[8],"tags":[],"class_list":["post-37726","post","type-post","status-publish","format-standard","hentry","category-alert-news"],"_links":{"self":[{"href":"https:\/\/www.giurgiuveanul.ro\/stiri\/wp-json\/wp\/v2\/posts\/37726","targetHints":{"allow":["GET"]}}],"collection":[{"href":"https:\/\/www.giurgiuveanul.ro\/stiri\/wp-json\/wp\/v2\/posts"}],"about":[{"href":"https:\/\/www.giurgiuveanul.ro\/stiri\/wp-json\/wp\/v2\/types\/post"}],"author":[{"embeddable":true,"href":"https:\/\/www.giurgiuveanul.ro\/stiri\/wp-json\/wp\/v2\/users\/2"}],"replies":[{"embeddable":true,"href":"https:\/\/www.giurgiuveanul.ro\/stiri\/wp-json\/wp\/v2\/comments?post=37726"}],"version-history":[{"count":0,"href":"https:\/\/www.giurgiuveanul.ro\/stiri\/wp-json\/wp\/v2\/posts\/37726\/revisions"}],"wp:attachment":[{"href":"https:\/\/www.giurgiuveanul.ro\/stiri\/wp-json\/wp\/v2\/media?parent=37726"}],"wp:term":[{"taxonomy":"category","embeddable":true,"href":"https:\/\/www.giurgiuveanul.ro\/stiri\/wp-json\/wp\/v2\/categories?post=37726"},{"taxonomy":"post_tag","embeddable":true,"href":"https:\/\/www.giurgiuveanul.ro\/stiri\/wp-json\/wp\/v2\/tags?post=37726"}],"curies":[{"name":"wp","href":"https:\/\/api.w.org\/{rel}","templated":true}]}}