{"id":37729,"date":"2017-02-11T13:18:13","date_gmt":"2017-02-11T11:18:13","guid":{"rendered":"https:\/\/www.giurgiuveanul.ro\/stiri\/?p=37729"},"modified":"2017-02-11T13:36:59","modified_gmt":"2017-02-11T11:36:59","slug":"11-februarie-ziua-europeana-numarului-de-urgenta-112","status":"publish","type":"post","link":"https:\/\/www.giurgiuveanul.ro\/stiri\/11-februarie-ziua-europeana-numarului-de-urgenta-112\/","title":{"rendered":"11 februarie, Ziua European\u0103 a Num\u0103rului de Urgen\u0163\u0103 112"},"content":{"rendered":"<p style=\"text-align: justify;\"><strong><a href=\"https:\/\/www.giurgiuveanul.ro\/stiri\/wp-content\/uploads\/2017\/02\/112.jpg\"><img loading=\"lazy\" decoding=\"async\" class=\"aligncenter size-large wp-image-37730\" src=\"https:\/\/www.giurgiuveanul.ro\/stiri\/wp-content\/uploads\/2017\/02\/112-560x354.jpg\" alt=\"112\" width=\"560\" height=\"354\" srcset=\"https:\/\/www.giurgiuveanul.ro\/stiri\/wp-content\/uploads\/2017\/02\/112-560x354.jpg 560w, https:\/\/www.giurgiuveanul.ro\/stiri\/wp-content\/uploads\/2017\/02\/112-250x158.jpg 250w, https:\/\/www.giurgiuveanul.ro\/stiri\/wp-content\/uploads\/2017\/02\/112-400x253.jpg 400w, https:\/\/www.giurgiuveanul.ro\/stiri\/wp-content\/uploads\/2017\/02\/112.jpg 1024w\" sizes=\"auto, (max-width: 560px) 100vw, 560px\" \/><\/a>Ast\u0103zi, 11 februarie, este Ziua European\u0103 a Num\u0103rului unic de urgen\u0163\u0103 112, num\u0103r<!--more--> gratuit si valabil \u00een toate \u0163\u0103rile UE. Acest num\u0103r este rezervat doar apelurilor ce necesit\u0103 interven\u0163ia IMEDIAT\u0102 a serviciilor de urgen\u0163\u0103 (Ambulan\u0163\u0103, Pompieri, Poli\u0163ie \u015fi Jandarmerie).<\/strong><\/p>\n<p style=\"text-align: justify;\"><a href=\"https:\/\/www.giurgiuveanul.ro\/stiri\/wp-content\/uploads\/2017\/02\/logonotruf112europaweit-1486806719.jpg\"><img loading=\"lazy\" decoding=\"async\" class=\"aligncenter size-large wp-image-37731\" src=\"https:\/\/www.giurgiuveanul.ro\/stiri\/wp-content\/uploads\/2017\/02\/logonotruf112europaweit-1486806719-560x322.jpg\" alt=\"logonotruf112europaweit-1486806719\" width=\"560\" height=\"322\" srcset=\"https:\/\/www.giurgiuveanul.ro\/stiri\/wp-content\/uploads\/2017\/02\/logonotruf112europaweit-1486806719-560x322.jpg 560w, https:\/\/www.giurgiuveanul.ro\/stiri\/wp-content\/uploads\/2017\/02\/logonotruf112europaweit-1486806719-250x144.jpg 250w, https:\/\/www.giurgiuveanul.ro\/stiri\/wp-content\/uploads\/2017\/02\/logonotruf112europaweit-1486806719-400x230.jpg 400w, https:\/\/www.giurgiuveanul.ro\/stiri\/wp-content\/uploads\/2017\/02\/logonotruf112europaweit-1486806719.jpg 660w\" sizes=\"auto, (max-width: 560px) 100vw, 560px\" \/><\/a><\/p>\n<p style=\"text-align: justify;\">Mobilitatea din ce \u00een ce mai crescut\u0103 a cet\u0103\u0163enilor europeni a demonstrat c\u00e2t de important\u0103 este standardizarea, la nivel european, a num\u0103rului de urgen\u0163\u0103 112.Astfel, \u00een 1991, statele membre UE au decis introducerea acestui num\u0103r valabil pe tot teritoriul european, sub sloganul \u201eO Europ\u0103 \u2013 un singur num\u0103r!\u201d<\/p>\n<p style=\"text-align: justify;\">Num\u0103rul 112 are prioritate \u00een re\u0163elele de telefonie fix\u0103 \u015fi mobil\u0103 \u015fi \u00een \u0163\u0103ri din afara UE, precum Andora, Croa\u0163ia, Elve\u0163ia, Insulele Feroe, Islanda, Liechtenstein, Monaco, Muntenegru, Norvegia, San Marino, Turcia, Vatican, \u00een anumite \u0163\u0103ri oper\u00e2nd \u00een mai multe limbi.<\/p>\n<p style=\"text-align: justify;\">Apelarea acestuia este posibil\u0103 \u015fi \u00een cazul \u00een care telefonul are bateria desc\u0103rcat\u0103 sau tastatura este blocat\u0103.<\/p>\n<p style=\"text-align: justify;\"><strong>112 &#8211; de 13 ani \u00een Rom\u00e2nia<\/strong><\/p>\n<p style=\"text-align: justify;\">\u00cen Rom\u00e2nia, Serviciul de Telecomunica\u0163ii Speciale (STS) a fost desemnat s\u0103 implementeze \u015fi s\u0103 opereze Sistemul Na\u0163ional Unic pentru Apeluri de Urgen\u0163\u0103 112 (SNUAU).<\/p>\n<p style=\"text-align: justify;\">Primele teste ale solu\u0163iilor tehnice au avut loc pe 1 Decembrie 2003, la 15 mai 2004 Sistemul Pilot 112 Bucure\u015fti a intrat in teste, iar darea \u00een exploatare a Sistemului 112 pe Bucure\u015fti a \u00eenceput cu data de 15 iunie 2004.<\/p>\n<p style=\"text-align: justify;\">Dup\u0103 implementarea acestui num\u0103r, urm\u0103toarea prioritate a autorit\u0103\u0163ilor a fost \u015fi r\u0103m\u00e2ne popularizarea lui, educarea oamenilor \u015fi dezvoltarea sistemului.<\/p>\n<p style=\"text-align: justify;\">\u00cen urma sondajelor, s-a constata c\u0103 sunt pu\u0163ini cei care \u015ftiu de existen\u0163a num\u0103rului de urgen\u0163\u0103 112 \u015fi au \u00eenceput campaniile de informare \u015fi educare, prin spoturi radio-tv, campanii, workshop-uri \u015fi filme demonstrative, care prezint\u0103 principalele manevre de prim ajutor, explicate \u015fi ilustrate de medici speciali\u015fti din cadrul SMURD, dar \u015fi consecin\u0163ele apel\u0103rii abuzive a num\u0103rului 112.<\/p>\n<p style=\"text-align: justify;\">Serviciul de Telecomunica\u0163ii Speciale este organul central al statului, care administreaz\u0103, exploateaz\u0103, \u00eentre\u0163ine \u015fi dezvolt\u0103 Sistemului Na\u0163ional Unic pentru Apeluri de Urgen\u0163\u0103 (SNUAU).<\/p>\n<p style=\"text-align: justify;\">Statistica pe anul trecut realizat\u0103 de Serviciul de Telecomunica\u0163ii Speciale (STS) arat\u0103 c\u0103 la Num\u0103rul Unic de Urgen\u0163\u0103 112 au fost primite \u015fi tratate peste 14.600.440 apeluri. Dintre acestea 8.552.087 (58,57%) au fost false \u015fi 6.048.353 (41,43%) reale. Cele mai multe au fost transferate c\u0103tre Ambulan\u0163\u0103 \u2013 3.781.205 (60,28%), Poli\u0163ie \u2013 1.364.808 (21,76%), ISU \u2013 SMURD \u2013 933.62 (14,88%) \u015fi Jandarmerie \u2013 184.606 (2,94%).<\/p>\n<p style=\"text-align: justify;\">Orice apel abuziv poate s\u0103 ucid\u0103 o persoan\u0103. Asigur\u0103-te c\u0103 ai o urgen\u0163\u0103, apoi apeleaz\u0103 112!<\/p>\n<p style=\"text-align: justify;\">Serviciul de urgen\u0163\u0103 113 este pentru persoanele cu deficien\u0163e de auz \u015fi vorbire.<\/p>\n<p style=\"text-align: justify;\"><strong>Amenda pentru apelarea fals\u0103 sau abuziv\u0103 a num\u0103rului unic de urgen\u0163\u0103 112 este cuprins\u0103 \u00eentre 500 \u015fi 1.000 de lei.<\/strong><\/p>\n","protected":false},"excerpt":{"rendered":"<p>Ast\u0103zi, 11 februarie, este Ziua European\u0103 a Num\u0103rului unic de urgen\u0163\u0103 112, num\u0103r<\/p>\n","protected":false},"author":2,"featured_media":0,"comment_status":"open","ping_status":"open","sticky":false,"template":"","format":"standard","meta":{"footnotes":""},"categories":[8],"tags":[],"class_list":["post-37729","post","type-post","status-publish","format-standard","hentry","category-alert-news"],"_links":{"self":[{"href":"https:\/\/www.giurgiuveanul.ro\/stiri\/wp-json\/wp\/v2\/posts\/37729","targetHints":{"allow":["GET"]}}],"collection":[{"href":"https:\/\/www.giurgiuveanul.ro\/stiri\/wp-json\/wp\/v2\/posts"}],"about":[{"href":"https:\/\/www.giurgiuveanul.ro\/stiri\/wp-json\/wp\/v2\/types\/post"}],"author":[{"embeddable":true,"href":"https:\/\/www.giurgiuveanul.ro\/stiri\/wp-json\/wp\/v2\/users\/2"}],"replies":[{"embeddable":true,"href":"https:\/\/www.giurgiuveanul.ro\/stiri\/wp-json\/wp\/v2\/comments?post=37729"}],"version-history":[{"count":0,"href":"https:\/\/www.giurgiuveanul.ro\/stiri\/wp-json\/wp\/v2\/posts\/37729\/revisions"}],"wp:attachment":[{"href":"https:\/\/www.giurgiuveanul.ro\/stiri\/wp-json\/wp\/v2\/media?parent=37729"}],"wp:term":[{"taxonomy":"category","embeddable":true,"href":"https:\/\/www.giurgiuveanul.ro\/stiri\/wp-json\/wp\/v2\/categories?post=37729"},{"taxonomy":"post_tag","embeddable":true,"href":"https:\/\/www.giurgiuveanul.ro\/stiri\/wp-json\/wp\/v2\/tags?post=37729"}],"curies":[{"name":"wp","href":"https:\/\/api.w.org\/{rel}","templated":true}]}}