{"id":37747,"date":"2017-02-12T14:37:51","date_gmt":"2017-02-12T12:37:51","guid":{"rendered":"https:\/\/www.giurgiuveanul.ro\/stiri\/?p=37747"},"modified":"2017-02-12T14:37:51","modified_gmt":"2017-02-12T12:37:51","slug":"intrat-cu-masina-intr-un-copac-si-ajuns-la-spital","status":"publish","type":"post","link":"https:\/\/www.giurgiuveanul.ro\/stiri\/intrat-cu-masina-intr-un-copac-si-ajuns-la-spital\/","title":{"rendered":"A intrat cu ma\u015fina \u00eentr-un copac&#8230; \u015fi a ajuns la Spital"},"content":{"rendered":"<p style=\"text-align: justify;\"><a href=\"https:\/\/www.giurgiuveanul.ro\/stiri\/wp-content\/uploads\/2017\/02\/IMG_9395.jpg\"><img loading=\"lazy\" decoding=\"async\" class=\"aligncenter size-large wp-image-37748\" src=\"https:\/\/www.giurgiuveanul.ro\/stiri\/wp-content\/uploads\/2017\/02\/IMG_9395-560x337.jpg\" alt=\"IMG_9395\" width=\"560\" height=\"337\" srcset=\"https:\/\/www.giurgiuveanul.ro\/stiri\/wp-content\/uploads\/2017\/02\/IMG_9395-560x337.jpg 560w, https:\/\/www.giurgiuveanul.ro\/stiri\/wp-content\/uploads\/2017\/02\/IMG_9395-250x150.jpg 250w, https:\/\/www.giurgiuveanul.ro\/stiri\/wp-content\/uploads\/2017\/02\/IMG_9395-400x241.jpg 400w, https:\/\/www.giurgiuveanul.ro\/stiri\/wp-content\/uploads\/2017\/02\/IMG_9395.jpg 800w\" sizes=\"auto, (max-width: 560px) 100vw, 560px\" \/><\/a>Un t\u00e2n\u0103r de 21 de ani,<!--more--> din Buturugeni, a ajuns la spital dup\u0103 ce a intrat cu autoturismul \u00eentr-un st\u00e2lp de pe marginea drumului. Accidentul rutier a avut loc azi noapte, \u00een jurul orei 2.50, c\u00e2nd t\u00e2n\u0103rul, care se deplasa cu au autoturism pe DC 134, pe raza localit\u0103\u0163ii P\u0103dureni, nu a adaptat viteza la condi\u0163iile de drum, a p\u0103r\u0103sit partea carosabil\u0103, intr\u00e2nd cu ma\u015fina \u00eentr-un st\u00e2lp.<\/p>\n<p style=\"text-align: justify;\">\u00cen urma accidentului, t\u00e2n\u0103rul \u015fofer a fost r\u0103nit u\u015for, fiind transportat pentru a primi \u00eengrijiri medicale la un spital din Bucure\u015fti. El a fost testat de poli\u0163i\u015fti cu alcooltestul, rezultatul fiind de 0,11 mg\/l alcool pur \u00een aerul expirat. Pentru faptul c\u0103 a condus sub influen\u0163a alcoolului, i s-a suspendat permisul de conducere, dar i s-a \u00eentocmit \u015fi dosar penal pentru v\u0103t\u0103mare corporal\u0103 din culp\u0103.<\/p>\n","protected":false},"excerpt":{"rendered":"<p>Un t\u00e2n\u0103r de 21 de ani,<\/p>\n","protected":false},"author":2,"featured_media":0,"comment_status":"open","ping_status":"open","sticky":false,"template":"","format":"standard","meta":{"footnotes":""},"categories":[8],"tags":[],"class_list":["post-37747","post","type-post","status-publish","format-standard","hentry","category-alert-news"],"_links":{"self":[{"href":"https:\/\/www.giurgiuveanul.ro\/stiri\/wp-json\/wp\/v2\/posts\/37747","targetHints":{"allow":["GET"]}}],"collection":[{"href":"https:\/\/www.giurgiuveanul.ro\/stiri\/wp-json\/wp\/v2\/posts"}],"about":[{"href":"https:\/\/www.giurgiuveanul.ro\/stiri\/wp-json\/wp\/v2\/types\/post"}],"author":[{"embeddable":true,"href":"https:\/\/www.giurgiuveanul.ro\/stiri\/wp-json\/wp\/v2\/users\/2"}],"replies":[{"embeddable":true,"href":"https:\/\/www.giurgiuveanul.ro\/stiri\/wp-json\/wp\/v2\/comments?post=37747"}],"version-history":[{"count":0,"href":"https:\/\/www.giurgiuveanul.ro\/stiri\/wp-json\/wp\/v2\/posts\/37747\/revisions"}],"wp:attachment":[{"href":"https:\/\/www.giurgiuveanul.ro\/stiri\/wp-json\/wp\/v2\/media?parent=37747"}],"wp:term":[{"taxonomy":"category","embeddable":true,"href":"https:\/\/www.giurgiuveanul.ro\/stiri\/wp-json\/wp\/v2\/categories?post=37747"},{"taxonomy":"post_tag","embeddable":true,"href":"https:\/\/www.giurgiuveanul.ro\/stiri\/wp-json\/wp\/v2\/tags?post=37747"}],"curies":[{"name":"wp","href":"https:\/\/api.w.org\/{rel}","templated":true}]}}