{"id":37756,"date":"2017-02-12T18:20:04","date_gmt":"2017-02-12T16:20:04","guid":{"rendered":"https:\/\/www.giurgiuveanul.ro\/stiri\/?p=37756"},"modified":"2017-02-12T18:46:49","modified_gmt":"2017-02-12T16:46:49","slug":"giurgiuveanca-asta-sexy-este-regina-coardelor-muzicale","status":"publish","type":"post","link":"https:\/\/www.giurgiuveanul.ro\/stiri\/giurgiuveanca-asta-sexy-este-regina-coardelor-muzicale\/","title":{"rendered":"GIURGIUVEANCA asta SEXY&#8230; este REGINA coardelor muzicale!"},"content":{"rendered":"<p style=\"text-align: justify;\"><a href=\"https:\/\/www.giurgiuveanul.ro\/stiri\/wp-content\/uploads\/2017\/02\/1.jpg\"><img loading=\"lazy\" decoding=\"async\" class=\"aligncenter size-large wp-image-37757\" src=\"https:\/\/www.giurgiuveanul.ro\/stiri\/wp-content\/uploads\/2017\/02\/1-560x422.jpg\" alt=\"OLYMPUS DIGITAL CAMERA\" width=\"560\" height=\"422\" srcset=\"https:\/\/www.giurgiuveanul.ro\/stiri\/wp-content\/uploads\/2017\/02\/1-560x422.jpg 560w, https:\/\/www.giurgiuveanul.ro\/stiri\/wp-content\/uploads\/2017\/02\/1-250x188.jpg 250w, https:\/\/www.giurgiuveanul.ro\/stiri\/wp-content\/uploads\/2017\/02\/1-400x302.jpg 400w, https:\/\/www.giurgiuveanul.ro\/stiri\/wp-content\/uploads\/2017\/02\/1.jpg 800w\" sizes=\"auto, (max-width: 560px) 100vw, 560px\" \/><\/a>Cu siguran\u0163\u0103, ea este noua regin\u0103 <!--more-->a coardelor muzicale din Rom\u00e2nia. O giurgiuveanc\u0103 face senza\u0163ie cu vioara ei, printr-o abordare muzical\u0103 atipic\u0103. Este frumoas\u0103, se \u00eembrac\u0103 sexy \u015fi, completat\u0103 de vioar\u0103, devine regina coardelor.<\/p>\n<p style=\"text-align: justify;\"><a href=\"https:\/\/www.giurgiuveanul.ro\/stiri\/wp-content\/uploads\/2017\/02\/2.jpg\"><img loading=\"lazy\" decoding=\"async\" class=\"aligncenter size-large wp-image-37758\" src=\"https:\/\/www.giurgiuveanul.ro\/stiri\/wp-content\/uploads\/2017\/02\/2-300x450.jpg\" alt=\"2\" width=\"300\" height=\"450\" srcset=\"https:\/\/www.giurgiuveanul.ro\/stiri\/wp-content\/uploads\/2017\/02\/2-300x450.jpg 300w, https:\/\/www.giurgiuveanul.ro\/stiri\/wp-content\/uploads\/2017\/02\/2-200x300.jpg 200w, https:\/\/www.giurgiuveanul.ro\/stiri\/wp-content\/uploads\/2017\/02\/2-400x600.jpg 400w, https:\/\/www.giurgiuveanul.ro\/stiri\/wp-content\/uploads\/2017\/02\/2.jpg 533w\" sizes=\"auto, (max-width: 300px) 100vw, 300px\" \/><\/a><\/p>\n<p style=\"text-align: justify;\">Amadeea Violin, pe numele ei real <strong>Andreea Busuioc<\/strong>, face senza\u0163ie \u00een cluburi, fiind cunoscut\u0103 mai ales \u00een cluburi, dar \u015fi pentru colabor\u0103rile ei cu arti\u015fti celebri precum Vunk, Smiley, C\u0103t\u0103lin Josan, Spitalul de Urgen\u0163\u0103 \u015fi DJ Rosario Internullo, al\u0103turi de care a c\u00e2ntat \u00een cluburi din \u0163ar\u0103, dar \u015fi din Fran\u0163a, Italia, Turcia, Cipru, Liban sau Croa\u0163ia.<\/p>\n<p style=\"text-align: justify;\">Admis\u0103 cu 10 la Conservator, dar \u015fi cu un master la aceea\u015fi academie, are 12 ani de preg\u0103tire la vioar\u0103, fiind cunoscut\u0103 \u00een r\u00e2ndul publicului t\u00e2n\u0103r mai mult dec\u00e2t orice alt intrumentist al Orchestrei Operei Rom\u00e2ne.<\/p>\n<p style=\"text-align: justify;\"><span style=\"color: #ff0000;\"><strong>La Eurovision 2012 \u015fi \u201eRom\u00e2nii au talent\u201d<\/strong><\/span><\/p>\n<p style=\"text-align: justify;\">Violonist\u0103 la Orchestra Na\u0163ional\u0103 Valahia \u015fi semifinalist\u0103 la \u201cRom\u00e2nii au talent\u201d, Amadeea Violin (27 de ani) a ob\u0163inut, \u00een 2012, locul 3 la Eurovision Rom\u00e2nia.<\/p>\n<p style=\"text-align: justify;\"><a href=\"https:\/\/www.giurgiuveanul.ro\/stiri\/wp-content\/uploads\/2017\/02\/5.jpg\"><img loading=\"lazy\" decoding=\"async\" class=\"aligncenter size-large wp-image-37759\" src=\"https:\/\/www.giurgiuveanul.ro\/stiri\/wp-content\/uploads\/2017\/02\/5-300x450.jpg\" alt=\"5\" width=\"300\" height=\"450\" srcset=\"https:\/\/www.giurgiuveanul.ro\/stiri\/wp-content\/uploads\/2017\/02\/5-300x450.jpg 300w, https:\/\/www.giurgiuveanul.ro\/stiri\/wp-content\/uploads\/2017\/02\/5-200x300.jpg 200w, https:\/\/www.giurgiuveanul.ro\/stiri\/wp-content\/uploads\/2017\/02\/5-400x600.jpg 400w, https:\/\/www.giurgiuveanul.ro\/stiri\/wp-content\/uploads\/2017\/02\/5.jpg 533w\" sizes=\"auto, (max-width: 300px) 100vw, 300px\" \/><\/a><\/p>\n<p style=\"text-align: justify;\">Cu un look fresh \u015fi sexy, giurgiuveanca noastr\u0103 a reu\u015fit s\u0103 sparg\u0103 tiparele muzicii instrumentale, interpret\u00e2nd piese foarte moderne, mixate de DJ, la care adaug\u0103 improviza\u0163ie, dar \u015fi elemente din stiluri muzicale precum jazz, clasic, hip hop \u015fi chiar folclor.<\/p>\n<p style=\"text-align: justify;\"><a href=\"https:\/\/www.giurgiuveanul.ro\/stiri\/wp-content\/uploads\/2017\/02\/6.jpg\"><img loading=\"lazy\" decoding=\"async\" class=\"aligncenter size-large wp-image-37760\" src=\"https:\/\/www.giurgiuveanul.ro\/stiri\/wp-content\/uploads\/2017\/02\/6-300x450.jpg\" alt=\"www.mihaitrofin.ro\" width=\"300\" height=\"450\" srcset=\"https:\/\/www.giurgiuveanul.ro\/stiri\/wp-content\/uploads\/2017\/02\/6-300x450.jpg 300w, https:\/\/www.giurgiuveanul.ro\/stiri\/wp-content\/uploads\/2017\/02\/6-200x300.jpg 200w, https:\/\/www.giurgiuveanul.ro\/stiri\/wp-content\/uploads\/2017\/02\/6-400x600.jpg 400w, https:\/\/www.giurgiuveanul.ro\/stiri\/wp-content\/uploads\/2017\/02\/6.jpg 533w\" sizes=\"auto, (max-width: 300px) 100vw, 300px\" \/><\/a><\/p>\n<p style=\"text-align: justify;\">Frumoasa \u015fi talentata giurgiuveanc\u0103 a \u00eenceput, de cur\u00e2nd, o colaborare fructuoas\u0103 cu una dintre cele mai cunoscute case de produc\u0163ie din Rom\u00e2nia, <strong>Global Records<\/strong>.<\/p>\n<p style=\"text-align: justify;\"><span style=\"color: #ff0000;\"><strong>Format\u0103 la \u015ecoala de Muzic\u0103 din Giurgiu<\/strong><\/span><\/p>\n<p style=\"text-align: justify;\">Amadeea Violin m\u0103rturise\u015fte c\u0103, de la v\u00e2rsta de \u015fase ani, timp de 12 ani, a urmat cursurile \u015ecolii de Muzic\u0103 din Giurgiu, apoi a fost admis\u0103 la Universitatea Na\u0163ional\u0103 din Bucure\u015fti, cu media 10. \u00cen 2014, a absolvit Masterul la UNMB, specializarea Educa\u0163ie Muzical\u0103 Contemporan\u0103.<\/p>\n<p style=\"text-align: justify;\"><a href=\"https:\/\/www.giurgiuveanul.ro\/stiri\/wp-content\/uploads\/2017\/02\/4.jpg\"><img loading=\"lazy\" decoding=\"async\" class=\"aligncenter size-large wp-image-37762\" src=\"https:\/\/www.giurgiuveanul.ro\/stiri\/wp-content\/uploads\/2017\/02\/4-300x450.jpg\" alt=\"4\" width=\"300\" height=\"450\" srcset=\"https:\/\/www.giurgiuveanul.ro\/stiri\/wp-content\/uploads\/2017\/02\/4-300x450.jpg 300w, https:\/\/www.giurgiuveanul.ro\/stiri\/wp-content\/uploads\/2017\/02\/4-200x300.jpg 200w, https:\/\/www.giurgiuveanul.ro\/stiri\/wp-content\/uploads\/2017\/02\/4-400x600.jpg 400w, https:\/\/www.giurgiuveanul.ro\/stiri\/wp-content\/uploads\/2017\/02\/4.jpg 533w\" sizes=\"auto, (max-width: 300px) 100vw, 300px\" \/><\/a><\/p>\n<p style=\"text-align: justify;\"><em>\u201ePentru c\u0103 fac parte dintr-o familie \u00een care muzica nu este ceva nou (tat\u0103l percu\u0163ionist, fratele solist vocal), am fost crescut\u0103 \u00eentr-un mediu \u00een care muzica se c\u00e2nt\u0103 \u015fi se ascult\u0103 aproape \u00een permanen\u0163\u0103. Tat\u0103l meu a avut \u201cinspira\u0163ia\u201d s\u0103 m\u0103 \u00eenscrie la v\u00e2rsta de 10 ani \u015fi \u00eentr-un taraf de copii, lucru care mi-a prins foarte bine, pentru c\u0103 folclorul s-a dovedit a fi un alt gen muzical pe care aveam s\u0103-l aprofundez ulterior, \u015fi cu care sunt foarte compatibil\u0103\u201d<\/em>, m\u0103rturiste\u015fte artista.<\/p>\n<p style=\"text-align: justify;\"><span style=\"color: #ff0000;\"><strong>A spart tiparele<\/strong><\/span><\/p>\n<p style=\"text-align: justify;\">Acum, a ajuns s\u0103 fie extrem de cunoscut\u0103 \u015fi solicitat\u0103 la multe evenimente. Spune c\u0103 este rezultatul muncii, combinat cu ambi\u0163ia, energia pozitiva \u015fi curajul de a fi \u201caltfel\u201d.<\/p>\n<p style=\"text-align: justify;\"><a href=\"https:\/\/www.giurgiuveanul.ro\/stiri\/wp-content\/uploads\/2017\/02\/7.jpg\"><img loading=\"lazy\" decoding=\"async\" class=\"aligncenter size-large wp-image-37761\" src=\"https:\/\/www.giurgiuveanul.ro\/stiri\/wp-content\/uploads\/2017\/02\/7-560x373.jpg\" alt=\"7\" width=\"560\" height=\"373\" srcset=\"https:\/\/www.giurgiuveanul.ro\/stiri\/wp-content\/uploads\/2017\/02\/7-560x373.jpg 560w, https:\/\/www.giurgiuveanul.ro\/stiri\/wp-content\/uploads\/2017\/02\/7-250x167.jpg 250w, https:\/\/www.giurgiuveanul.ro\/stiri\/wp-content\/uploads\/2017\/02\/7-400x267.jpg 400w, https:\/\/www.giurgiuveanul.ro\/stiri\/wp-content\/uploads\/2017\/02\/7.jpg 800w\" sizes=\"auto, (max-width: 560px) 100vw, 560px\" \/><\/a><\/p>\n<p style=\"text-align: justify;\"><em>\u201eIdeea de a m\u0103 \u201cdezlipi\u201d de muzica clasic\u0103 recunosc c\u0103 m-a speriat pu\u0163in la \u00eenceput, \u00eentruc\u00e2t, de obicei, vioara este instrumentul care te duce cu g\u00e2ndul la o sal\u0103 de concerte, \u015fi nu la o loca\u0163ie precum cluburile de muzic\u0103 house. Faptul c\u0103 trebuia s\u0103 \u015fi dansez \u00een timp ce c\u00e2ntam m-a speriat de asemenea, necrez\u00e2nd c\u0103 este posibil. Exerci\u0163iul \u015fi experienta la propriu, pe scen\u0103, m-au rodat \u015fi mi-au dat din ce \u00een ce mai mult\u0103 \u00eencredere \u00een mine \u015fi in poten\u0163ialul meu\u201d<\/em>, sus\u0163ine giurgiuveanca.<\/p>\n<p style=\"text-align: justify;\"><em>\u00a0<\/em><\/p>\n<p style=\"text-align: justify;\"><em>Marcela Petcu<\/em><\/p>\n<p style=\"text-align: justify;\">\n","protected":false},"excerpt":{"rendered":"<p>Cu siguran\u0163\u0103, ea este noua regin\u0103<\/p>\n","protected":false},"author":2,"featured_media":0,"comment_status":"open","ping_status":"open","sticky":false,"template":"","format":"standard","meta":{"footnotes":""},"categories":[3],"tags":[],"class_list":["post-37756","post","type-post","status-publish","format-standard","hentry","category-exclusiv"],"_links":{"self":[{"href":"https:\/\/www.giurgiuveanul.ro\/stiri\/wp-json\/wp\/v2\/posts\/37756","targetHints":{"allow":["GET"]}}],"collection":[{"href":"https:\/\/www.giurgiuveanul.ro\/stiri\/wp-json\/wp\/v2\/posts"}],"about":[{"href":"https:\/\/www.giurgiuveanul.ro\/stiri\/wp-json\/wp\/v2\/types\/post"}],"author":[{"embeddable":true,"href":"https:\/\/www.giurgiuveanul.ro\/stiri\/wp-json\/wp\/v2\/users\/2"}],"replies":[{"embeddable":true,"href":"https:\/\/www.giurgiuveanul.ro\/stiri\/wp-json\/wp\/v2\/comments?post=37756"}],"version-history":[{"count":0,"href":"https:\/\/www.giurgiuveanul.ro\/stiri\/wp-json\/wp\/v2\/posts\/37756\/revisions"}],"wp:attachment":[{"href":"https:\/\/www.giurgiuveanul.ro\/stiri\/wp-json\/wp\/v2\/media?parent=37756"}],"wp:term":[{"taxonomy":"category","embeddable":true,"href":"https:\/\/www.giurgiuveanul.ro\/stiri\/wp-json\/wp\/v2\/categories?post=37756"},{"taxonomy":"post_tag","embeddable":true,"href":"https:\/\/www.giurgiuveanul.ro\/stiri\/wp-json\/wp\/v2\/tags?post=37756"}],"curies":[{"name":"wp","href":"https:\/\/api.w.org\/{rel}","templated":true}]}}