{"id":37808,"date":"2017-02-14T08:45:12","date_gmt":"2017-02-14T06:45:12","guid":{"rendered":"https:\/\/www.giurgiuveanul.ro\/stiri\/?p=37808"},"modified":"2017-02-14T08:45:12","modified_gmt":"2017-02-14T06:45:12","slug":"elevii-vor-avea-inca-saptamana-de-vacanta","status":"publish","type":"post","link":"https:\/\/www.giurgiuveanul.ro\/stiri\/elevii-vor-avea-inca-saptamana-de-vacanta\/","title":{"rendered":"Elevii vor avea \u00eenc\u0103 o s\u0103pt\u0103m\u00e2n\u0103 de vacan\u0163\u0103!"},"content":{"rendered":"<p style=\"text-align: justify;\"><a href=\"https:\/\/www.giurgiuveanul.ro\/stiri\/wp-content\/uploads\/2017\/02\/prima-vacanta-pentru-elevi-0.jpg\"><img loading=\"lazy\" decoding=\"async\" class=\"aligncenter size-large wp-image-37809\" src=\"https:\/\/www.giurgiuveanul.ro\/stiri\/wp-content\/uploads\/2017\/02\/prima-vacanta-pentru-elevi-0-560x319.jpg\" alt=\"prima-vacanta-pentru-elevi-0\" width=\"560\" height=\"319\" srcset=\"https:\/\/www.giurgiuveanul.ro\/stiri\/wp-content\/uploads\/2017\/02\/prima-vacanta-pentru-elevi-0-560x319.jpg 560w, https:\/\/www.giurgiuveanul.ro\/stiri\/wp-content\/uploads\/2017\/02\/prima-vacanta-pentru-elevi-0-250x142.jpg 250w, https:\/\/www.giurgiuveanul.ro\/stiri\/wp-content\/uploads\/2017\/02\/prima-vacanta-pentru-elevi-0-400x228.jpg 400w, https:\/\/www.giurgiuveanul.ro\/stiri\/wp-content\/uploads\/2017\/02\/prima-vacanta-pentru-elevi-0.jpg 800w\" sizes=\"auto, (max-width: 560px) 100vw, 560px\" \/><\/a>Ieri, la sediul Ministerului Educa\u0163iei, <!--more-->Federa\u021bia Na\u021bional\u0103 a Asocia\u021biilor de P\u0103rin\u0163i &#8211; \u00cenv\u0103\u021b\u0103m\u00e2nt Preuniversitar, a participat, \u00eempreun\u0103 cu sindicatele \u015fi reprezentan\u0163ii elevilor, la dezbaterea cu privire la structura anului \u015fcolar 2017-2018.<\/p>\n<p style=\"text-align: justify;\">A\u015fadar, \u015fcoala va \u00eencepe la 11 septembrie 2017, noua propunere viz\u00e2nd prelungirea vacan\u0163ei de iarn\u0103 cu \u00eenc\u0103 o s\u0103pt\u0103m\u00e2n\u0103, respectiv de pe 23 decembrie 2017 p\u00e2n\u0103 pe 14 ianuarie 2018.<\/p>\n<p style=\"text-align: justify;\">De asemenea, se scurteaz\u0103 semestrul II cu o s\u0103pt\u0103m\u00e2n\u0103, a\u015fa \u00eenc\u00e2t \u015fcoala se va \u00eencheia pe 15 iunie 2018, \u00een loc de 22 iunie 2018.<\/p>\n","protected":false},"excerpt":{"rendered":"<p>Ieri, la sediul Ministerului Educa\u0163iei,<\/p>\n","protected":false},"author":2,"featured_media":0,"comment_status":"open","ping_status":"open","sticky":false,"template":"","format":"standard","meta":{"footnotes":""},"categories":[8],"tags":[],"class_list":["post-37808","post","type-post","status-publish","format-standard","hentry","category-alert-news"],"_links":{"self":[{"href":"https:\/\/www.giurgiuveanul.ro\/stiri\/wp-json\/wp\/v2\/posts\/37808","targetHints":{"allow":["GET"]}}],"collection":[{"href":"https:\/\/www.giurgiuveanul.ro\/stiri\/wp-json\/wp\/v2\/posts"}],"about":[{"href":"https:\/\/www.giurgiuveanul.ro\/stiri\/wp-json\/wp\/v2\/types\/post"}],"author":[{"embeddable":true,"href":"https:\/\/www.giurgiuveanul.ro\/stiri\/wp-json\/wp\/v2\/users\/2"}],"replies":[{"embeddable":true,"href":"https:\/\/www.giurgiuveanul.ro\/stiri\/wp-json\/wp\/v2\/comments?post=37808"}],"version-history":[{"count":0,"href":"https:\/\/www.giurgiuveanul.ro\/stiri\/wp-json\/wp\/v2\/posts\/37808\/revisions"}],"wp:attachment":[{"href":"https:\/\/www.giurgiuveanul.ro\/stiri\/wp-json\/wp\/v2\/media?parent=37808"}],"wp:term":[{"taxonomy":"category","embeddable":true,"href":"https:\/\/www.giurgiuveanul.ro\/stiri\/wp-json\/wp\/v2\/categories?post=37808"},{"taxonomy":"post_tag","embeddable":true,"href":"https:\/\/www.giurgiuveanul.ro\/stiri\/wp-json\/wp\/v2\/tags?post=37808"}],"curies":[{"name":"wp","href":"https:\/\/api.w.org\/{rel}","templated":true}]}}