{"id":37886,"date":"2017-02-16T09:24:49","date_gmt":"2017-02-16T07:24:49","guid":{"rendered":"https:\/\/www.giurgiuveanul.ro\/stiri\/?p=37886"},"modified":"2017-02-16T09:24:49","modified_gmt":"2017-02-16T07:24:49","slug":"vesti-bune-de-la-ministerul-finantelor-scade-impozitul-pe-venit-cu-cat-vezi-aici","status":"publish","type":"post","link":"https:\/\/www.giurgiuveanul.ro\/stiri\/vesti-bune-de-la-ministerul-finantelor-scade-impozitul-pe-venit-cu-cat-vezi-aici\/","title":{"rendered":"Ve\u015fti bune de la Ministerul Finan\u0163elor! Scade impozitul pe venit! Cu c\u00e2t&#8230; VEZI AICI"},"content":{"rendered":"<p style=\"text-align: justify;\"><strong><a href=\"https:\/\/www.giurgiuveanul.ro\/stiri\/wp-content\/uploads\/2017\/02\/impozite-pe-venit-persoane-fizice.jpg\"><img loading=\"lazy\" decoding=\"async\" class=\"aligncenter size-large wp-image-37887\" src=\"https:\/\/www.giurgiuveanul.ro\/stiri\/wp-content\/uploads\/2017\/02\/impozite-pe-venit-persoane-fizice-560x292.jpg\" alt=\"impozite-pe-venit-persoane-fizice\" width=\"560\" height=\"292\" srcset=\"https:\/\/www.giurgiuveanul.ro\/stiri\/wp-content\/uploads\/2017\/02\/impozite-pe-venit-persoane-fizice-560x292.jpg 560w, https:\/\/www.giurgiuveanul.ro\/stiri\/wp-content\/uploads\/2017\/02\/impozite-pe-venit-persoane-fizice-250x131.jpg 250w, https:\/\/www.giurgiuveanul.ro\/stiri\/wp-content\/uploads\/2017\/02\/impozite-pe-venit-persoane-fizice-400x209.jpg 400w, https:\/\/www.giurgiuveanul.ro\/stiri\/wp-content\/uploads\/2017\/02\/impozite-pe-venit-persoane-fizice.jpg 630w\" sizes=\"auto, (max-width: 560px) 100vw, 560px\" \/><\/a>Ministerul Finan\u0163elor anun\u021b\u0103 eliminarea impozitului pe <!--more-->dividende, reducerea contribu\u0163iilor sociale \u0219i sc\u0103derea impozitului pe venit de la 16% la 10%.<\/strong><\/p>\n<p style=\"text-align: justify;\"><em>\u201eReducerea TVA la 18% din 2018 (fa\u0163\u0103 de 19% \u00een prezent- n.red.) este o m\u0103sur\u0103 prev\u0103zut\u0103 \u00een programul de guvernare \u015fi cu siguran\u0163\u0103 se va realiza, f\u0103r\u0103 s\u0103 existe cre\u015fteri ale altor taxe. Vom reduce cota pe dividende la 0%, fa\u0163\u0103 de nivelul actual de 5% \u015fi vor fi reduceri \u015fi \u00een domeniul contribu\u0163iilor de asigur\u0103ri sociale. Impozitul pe dividende 0 va revigora pia\u0163a bursier\u0103 \u015fi ne va face mai atractivi, astfel \u00eenc\u00e2t s\u0103 aducem mai mul\u0163i investitori \u00een Rom\u00e2nia&#8221;<\/em>, a spus Ionu\u0163 Mi\u015fa, secretar de stat \u00een cadrul Ministerului Finan\u0163elor Publice, potrivit <a href=\"http:\/\/www.realitatea.net\">www.realitatea.net<\/a>.<\/p>\n<p style=\"text-align: justify;\"><em>,,Impozitul pe venituri se va reduce de la 16 la 10%, aceasta fiind o alt\u0103 m\u0103sur\u0103 care se inten\u0163ioneaz\u0103 a fi luat\u0103 pentru\u00a0 stimula \u015fi mai mult mediul economic, f\u0103r\u0103 a genera cre\u015fteri de taxe pe alte p\u0103r\u0163i. TVA 0 la locuin\u0163e este o alt\u0103 m\u0103sur\u0103 trecut\u0103 \u00een programul de guvernare, care se va introduce. De asemenea, se ia \u00een calcul reducerea impozitului pe veniturile persoanelor fizice de la 16% la 10%.\u201d,<\/em> a ad\u0103ugat Mi\u0219a.<\/p>\n","protected":false},"excerpt":{"rendered":"<p>Ministerul Finan\u0163elor anun\u021b\u0103 eliminarea impozitului pe<\/p>\n","protected":false},"author":2,"featured_media":0,"comment_status":"open","ping_status":"open","sticky":false,"template":"","format":"standard","meta":{"footnotes":""},"categories":[8],"tags":[],"class_list":["post-37886","post","type-post","status-publish","format-standard","hentry","category-alert-news"],"_links":{"self":[{"href":"https:\/\/www.giurgiuveanul.ro\/stiri\/wp-json\/wp\/v2\/posts\/37886","targetHints":{"allow":["GET"]}}],"collection":[{"href":"https:\/\/www.giurgiuveanul.ro\/stiri\/wp-json\/wp\/v2\/posts"}],"about":[{"href":"https:\/\/www.giurgiuveanul.ro\/stiri\/wp-json\/wp\/v2\/types\/post"}],"author":[{"embeddable":true,"href":"https:\/\/www.giurgiuveanul.ro\/stiri\/wp-json\/wp\/v2\/users\/2"}],"replies":[{"embeddable":true,"href":"https:\/\/www.giurgiuveanul.ro\/stiri\/wp-json\/wp\/v2\/comments?post=37886"}],"version-history":[{"count":0,"href":"https:\/\/www.giurgiuveanul.ro\/stiri\/wp-json\/wp\/v2\/posts\/37886\/revisions"}],"wp:attachment":[{"href":"https:\/\/www.giurgiuveanul.ro\/stiri\/wp-json\/wp\/v2\/media?parent=37886"}],"wp:term":[{"taxonomy":"category","embeddable":true,"href":"https:\/\/www.giurgiuveanul.ro\/stiri\/wp-json\/wp\/v2\/categories?post=37886"},{"taxonomy":"post_tag","embeddable":true,"href":"https:\/\/www.giurgiuveanul.ro\/stiri\/wp-json\/wp\/v2\/tags?post=37886"}],"curies":[{"name":"wp","href":"https:\/\/api.w.org\/{rel}","templated":true}]}}