{"id":37914,"date":"2017-02-16T20:20:24","date_gmt":"2017-02-16T18:20:24","guid":{"rendered":"https:\/\/www.giurgiuveanul.ro\/stiri\/?p=37914"},"modified":"2017-02-16T20:20:24","modified_gmt":"2017-02-16T18:20:24","slug":"marian-mina-am-adoptat-rezolutie-de-sustinere-presedintelui-liviu-dragnea","status":"publish","type":"post","link":"https:\/\/www.giurgiuveanul.ro\/stiri\/marian-mina-am-adoptat-rezolutie-de-sustinere-presedintelui-liviu-dragnea\/","title":{"rendered":"Marian Mina: \u201eAm adoptat o rezolu\u0163ie de sus\u0163inere a pre\u015fedintelui Liviu Dragnea\u201d"},"content":{"rendered":"<p style=\"text-align: justify;\"><strong><a href=\"https:\/\/www.giurgiuveanul.ro\/stiri\/wp-content\/uploads\/2017\/02\/IMG_0455.jpg\"><img loading=\"lazy\" decoding=\"async\" class=\"aligncenter size-large wp-image-37915\" src=\"https:\/\/www.giurgiuveanul.ro\/stiri\/wp-content\/uploads\/2017\/02\/IMG_0455-516x450.jpg\" alt=\"IMG_0455\" width=\"516\" height=\"450\" srcset=\"https:\/\/www.giurgiuveanul.ro\/stiri\/wp-content\/uploads\/2017\/02\/IMG_0455-516x450.jpg 516w, https:\/\/www.giurgiuveanul.ro\/stiri\/wp-content\/uploads\/2017\/02\/IMG_0455-250x218.jpg 250w, https:\/\/www.giurgiuveanul.ro\/stiri\/wp-content\/uploads\/2017\/02\/IMG_0455-400x349.jpg 400w, https:\/\/www.giurgiuveanul.ro\/stiri\/wp-content\/uploads\/2017\/02\/IMG_0455.jpg 800w\" sizes=\"auto, (max-width: 516px) 100vw, 516px\" \/><\/a>La conferin\u0163a s\u0103pt\u0103m\u00e2nal\u0103 de pres\u0103, organizat\u0103 la sediul filialei jude\u0163ene, liderul PSD Giurgiu, Marian Mina, a <!--more-->trecut \u00een revist\u0103 c\u00e2teva dintre cele mai importante evenimente politice.<\/strong><\/p>\n<p style=\"text-align: justify;\"><em>\u201eIeri, \u00een \u015fedin\u0163a Comitetului Executiv al PSD Giurgiu am adoptat o rezolu\u0163ie de sus\u0163inere a Guvernului Grindeanu. Este un Executiv legitim \u015fi care trebuie s\u0103 continue programul de implementare a m\u0103surilor socio-economice at\u00e2t de a\u015fteptate de rom\u00e2ni. Am adoptat, de asemenea, \u015fi o rezolu\u0163ie de sus\u0163inere a pre\u015fedintelui Liviu Dragnea. El a condus dou\u0103 campanii electorale, \u00een opinia mea magistrale, cu rezultatele care s-au v\u0103zut, dar, de asemenea, pre\u015fedintele Dragnea a contribuit \u015fi la Programul de Guvernare al PSD. Am stabilit la \u015fedin\u0163a CEX \u015fi c\u0103 ne disociem de declara\u0163iile domnului Chiric\u0103. Mi se p\u0103rea normal s\u0103 \u00ee\u015fi spun\u0103 nemul\u0163umirile \u00een Comitetul Executiv al PSD. Nu e normal s\u0103 \u00ee\u0163i spui opiniile \u00een pres\u0103, dar s\u0103 nu faci acest lucru la o \u015fedin\u0163\u0103 cu ai t\u0103i colegi!\u201d,<\/em> a declarat pr\u015fedintele PSD Giurgiu, Marian Mina.<\/p>\n<p style=\"text-align: justify;\"><a href=\"https:\/\/www.giurgiuveanul.ro\/stiri\/wp-content\/uploads\/2017\/02\/IMG_0447.jpg\"><img loading=\"lazy\" decoding=\"async\" class=\"aligncenter size-large wp-image-37916\" src=\"https:\/\/www.giurgiuveanul.ro\/stiri\/wp-content\/uploads\/2017\/02\/IMG_0447-429x450.jpg\" alt=\"IMG_0447\" width=\"429\" height=\"450\" srcset=\"https:\/\/www.giurgiuveanul.ro\/stiri\/wp-content\/uploads\/2017\/02\/IMG_0447-429x450.jpg 429w, https:\/\/www.giurgiuveanul.ro\/stiri\/wp-content\/uploads\/2017\/02\/IMG_0447-250x262.jpg 250w, https:\/\/www.giurgiuveanul.ro\/stiri\/wp-content\/uploads\/2017\/02\/IMG_0447-400x419.jpg 400w, https:\/\/www.giurgiuveanul.ro\/stiri\/wp-content\/uploads\/2017\/02\/IMG_0447.jpg 763w\" sizes=\"auto, (max-width: 429px) 100vw, 429px\" \/><\/a><\/p>\n<p style=\"text-align: justify;\">\u00cen alt\u0103 ordine de idei, Marian Mina, \u00een calitatea sa de pre\u015fedinte al Consiliului Jude\u0163ean Giurgiu, a spus c\u0103 este \u00eengrijorat de \u00eent\u00e2rzierea promulg\u0103rii Bugetului de Stat de c\u0103tre pre\u015fedintele Iohannis, \u00eentreaga administra\u0163ie fiind blocat\u0103.<\/p>\n<p style=\"text-align: justify;\"><em>\u201e\u00cen situa\u0163ia actual\u0103, mai putem func\u0163iona doar o lun\u0103\u201d<\/em>, a ar\u0103tat pre\u015fedintele Consiliului Jude\u0163ean. <em>\u201eSper ca domnul pre\u015fedinte s\u0103 \u00een\u0163eleag\u0103 c\u0103 avem nevoie de bani pentru investi\u0163ii, pentru punerea \u00een aplicare a\u00a0 Programului de Guvernare, care este un program al guvernului PSD dar el se adreseaz\u0103 \u00eentregii popula\u0163ii a Rom\u00e2niei\u201d.<\/em><\/p>\n","protected":false},"excerpt":{"rendered":"<p>La conferin\u0163a s\u0103pt\u0103m\u00e2nal\u0103 de pres\u0103, organizat\u0103 la sediul filialei jude\u0163ene, liderul PSD Giurgiu, Marian Mina, a<\/p>\n","protected":false},"author":2,"featured_media":0,"comment_status":"open","ping_status":"open","sticky":false,"template":"","format":"standard","meta":{"footnotes":""},"categories":[8],"tags":[],"class_list":["post-37914","post","type-post","status-publish","format-standard","hentry","category-alert-news"],"_links":{"self":[{"href":"https:\/\/www.giurgiuveanul.ro\/stiri\/wp-json\/wp\/v2\/posts\/37914","targetHints":{"allow":["GET"]}}],"collection":[{"href":"https:\/\/www.giurgiuveanul.ro\/stiri\/wp-json\/wp\/v2\/posts"}],"about":[{"href":"https:\/\/www.giurgiuveanul.ro\/stiri\/wp-json\/wp\/v2\/types\/post"}],"author":[{"embeddable":true,"href":"https:\/\/www.giurgiuveanul.ro\/stiri\/wp-json\/wp\/v2\/users\/2"}],"replies":[{"embeddable":true,"href":"https:\/\/www.giurgiuveanul.ro\/stiri\/wp-json\/wp\/v2\/comments?post=37914"}],"version-history":[{"count":0,"href":"https:\/\/www.giurgiuveanul.ro\/stiri\/wp-json\/wp\/v2\/posts\/37914\/revisions"}],"wp:attachment":[{"href":"https:\/\/www.giurgiuveanul.ro\/stiri\/wp-json\/wp\/v2\/media?parent=37914"}],"wp:term":[{"taxonomy":"category","embeddable":true,"href":"https:\/\/www.giurgiuveanul.ro\/stiri\/wp-json\/wp\/v2\/categories?post=37914"},{"taxonomy":"post_tag","embeddable":true,"href":"https:\/\/www.giurgiuveanul.ro\/stiri\/wp-json\/wp\/v2\/tags?post=37914"}],"curies":[{"name":"wp","href":"https:\/\/api.w.org\/{rel}","templated":true}]}}