{"id":37932,"date":"2017-02-17T14:56:42","date_gmt":"2017-02-17T12:56:42","guid":{"rendered":"https:\/\/www.giurgiuveanul.ro\/stiri\/?p=37932"},"modified":"2017-02-17T15:01:26","modified_gmt":"2017-02-17T13:01:26","slug":"200-de-giurgiuveni-care-nu-si-au-achitat-amenzile-obligati-la-munca-in-folosul-comunitatii","status":"publish","type":"post","link":"https:\/\/www.giurgiuveanul.ro\/stiri\/200-de-giurgiuveni-care-nu-si-au-achitat-amenzile-obligati-la-munca-in-folosul-comunitatii\/","title":{"rendered":"200 de giurgiuveni care nu \u015fi-au achitat amenzile, obliga\u0163i s\u0103 munceasc\u0103 \u00een folosul comunit\u0103\u021bii"},"content":{"rendered":"<p style=\"text-align: justify;\"><strong><a href=\"https:\/\/www.giurgiuveanul.ro\/stiri\/wp-content\/uploads\/2017\/02\/10921-tintea-l.jpg\"><img loading=\"lazy\" decoding=\"async\" class=\"aligncenter size-large wp-image-37933\" src=\"https:\/\/www.giurgiuveanul.ro\/stiri\/wp-content\/uploads\/2017\/02\/10921-tintea-l-560x390.jpg\" alt=\"10921-tintea-l\" width=\"560\" height=\"390\" srcset=\"https:\/\/www.giurgiuveanul.ro\/stiri\/wp-content\/uploads\/2017\/02\/10921-tintea-l-560x390.jpg 560w, https:\/\/www.giurgiuveanul.ro\/stiri\/wp-content\/uploads\/2017\/02\/10921-tintea-l-250x174.jpg 250w, https:\/\/www.giurgiuveanul.ro\/stiri\/wp-content\/uploads\/2017\/02\/10921-tintea-l-400x279.jpg 400w, https:\/\/www.giurgiuveanul.ro\/stiri\/wp-content\/uploads\/2017\/02\/10921-tintea-l.jpg 800w\" sizes=\"auto, (max-width: 560px) 100vw, 560px\" \/><\/a>Legisla\u0163ia prevede <!--more-->transformarea amenzilor contraven\u021bionale \u00een ore de munc\u0103 \u00een folosul comunit\u0103\u021bii, iar cei amenda\u0163i ajung s\u0103 munceasc\u0103 pentru a-\u0219i achita amenzile primite pentru diverse contraven\u021bii. Direc\u0163ia de Taxe \u015fi Impozite Giurgiu are \u00een eviden\u0163\u0103 200 de persoane obligate s\u0103 efectueze munc\u0103 \u00een folosul comunit\u0103\u021bii, acestea dator\u00e2nd bugetului local peste 1.000.000 lei.<\/strong><\/p>\n<p style=\"text-align: justify;\"><strong>Cum se transform\u0103 amenda \u00een munc\u0103<\/strong><\/p>\n<p style=\"text-align: justify;\">\u00cen primul r\u00e2nd, prestarea unei activit\u0103\u0163i \u00een folosul comunit\u0103\u0163ii se poate aplica numai contravenien\u0163ilor persoane fizice \u0219i nu poate dep\u0103\u015fi 300 de ore. Astfel, dac\u0103 o persoan\u0103 nu achit\u0103 amenda \u00een termen de 30 de zile de la r\u0103m\u00e2nerea definitiv\u0103 a sanc\u0163iunii \u015fi nu exist\u0103 posibilitatea execut\u0103rii silite a acestuia, organele specializate ale prim\u0103riilor pot cere instan\u021bei de judecat\u0103 \u00eenlocuirea amenzii cu obligarea contravenientului la prestarea unei activit\u0103\u0163i \u00een folosul comunit\u0103\u0163ii. La primul termen de judecat\u0103, instan\u0163a poate acorda contravenientului, la cerere, un termen de 30 de zile pentru achitarea amenzii. Dup\u0103 cele 30 de zile, instan\u021ba dispune \u00eenlocuirea amenzii cu prestarea de ore de munc\u0103 \u00een folosul comunit\u0103\u0163ii. Mai trebuie spus c\u0103 \u0219i o persoan\u0103 care nu \u00ee\u0219i poate achita o amend\u0103 se poate adresa instan\u021bei de judecat\u0103 pentru transformarea acesteia \u00een munc\u0103 \u00een folosul comunit\u0103\u021bii. Minorii sub 14 ani nu r\u0103spund contraven\u021bional, iar \u00een cazul celor care au \u00eemplinit 14 ani, minimul \u0219i maximul amenzilor se reduc la jum\u0103tate. De asemenea, minorii care nu au \u00eemplinit 16 ani nu pot fi obliga\u021bi s\u0103 munceasc\u0103 \u00een folosul comunit\u0103\u021bii.<\/p>\n<p style=\"text-align: justify;\">Direc\u021biile de Impozite \u0219i Taxe pot cere instan\u021bei de judecat\u0103 \u00eenlocuirea amenzii cu obligarea contravenientului la prestarea unei activit\u0103\u021bi \u00een folosul comunit\u0103\u021bii.<\/p>\n<p style=\"text-align: justify;\">\u00cen municipiul Giurgiu, sunt peste 200 de persoane obligate s\u0103 efectueze munc\u0103 \u00een folosul comunit\u0103\u021bii, acestea dator\u00e2nd bugetului local peste 1.000.000 lei.<\/p>\n<p style=\"text-align: justify;\"><em>\u201eMeritul cel mai mare \u00eei revine fostei conduceri a DITL Giurgiu, Biroului Juridic, dar \u0219i Serviciului de Execut\u0103ri Silite al Direc\u021biei pentru instrumentarea acestor dosare \u0219i trimiterea lor \u00een instan\u021b\u0103, iar faptul c\u0103 pentru toate aceste ac\u021biuni, instan\u021bele au \u00eencuviin\u021bat transformarea acestor datorii \u00een munc\u0103 \u00een folosul comunit\u0103\u021bii, spune ceva despre munca depus\u0103 de colegii mei. Toate aceste persoane cu debite sunt verificate dac\u0103 \u00eenregistreaz\u0103 venituri sau dac\u0103 de\u021bin bunuri ce pot fi valorificate. Crede\u021bi-m\u0103 c\u0103 pentru fiecare dosar nu se fac doar dou\u0103-trei verific\u0103ri \u00een acest sens, ci de multe ori solicit\u0103m informa\u021bii la peste 10 institu\u021bii de pe teritoriul Rom\u00e2niei care ne pot furniza astfel de informa\u021bii. Efortul este unul uria\u0219 pentru ace\u0219ti debitori\u201d<\/em>, a explicat directorul DITL Giurgiu, <strong>Lauren\u021biu \u021aintea<\/strong> <em>(foto)<\/em>.<\/p>\n<p style=\"text-align: justify;\"><span style=\"color: #ff0000;\"><strong>Record de ore \u00een folosul comunit\u0103\u0163ii<\/strong><\/span><\/p>\n<p style=\"text-align: justify;\">\u201eCea mai mare sum\u0103 transformat\u0103 \u00een munc\u0103 \u00een folosul comunit\u0103\u021bii se ridic\u0103 la 88.732 lei, \u0219i \u00een mare parte aceste amenzi sunt luate pentru transportul persoanelor f\u0103r\u0103 a de\u021bine autoriza\u021bie de transport \u00een regim de taxi! Pentru acesta DITL Giurgiu a f\u0103cut demersurile \u00eenc\u0103 de anul trecut c\u0103tre instan\u021ba de judecat\u0103 iar datornicul are de efectuat nu mai pu\u021bin de 222 ore de munc\u0103 \u00een folosul comunit\u0103\u021bii\u201d, a mai spus Lauren\u021biu \u021aintea.<\/p>\n<p style=\"text-align: justify;\">Astfel, dup\u0103 emiterea de c\u0103tre instan\u021b\u0103 a unui mandat de executare a sanc\u021biunii prest\u0103rii unei activit\u0103\u021bi \u00een folosul comunit\u0103\u021bii, primarul are obliga\u021bia s\u0103 \u00eendeplineasc\u0103 dispozi\u021biile judec\u0103torilor. Primarul va stabili ce munc\u0103 va face contravenientul, dar \u0219i programul de lucru al acestuia, care nu poate dep\u0103\u0219i opt ore pe zi. Supravegherea execut\u0103rii sanc\u021biunii se asigur\u0103 tot de c\u0103tre primar, cu sprijinul unit\u0103\u021bii de poli\u021bie. Mai departe, legea spune c\u0103 persoana amendat\u0103 trebuie s\u0103 se prezinte \u00een cel mult trei zile la primarul localit\u0103\u021bii de domiciliu pentru luarea \u00een eviden\u021b\u0103 \u0219i executarea sanc\u021biunii.<\/p>\n<p style=\"text-align: justify;\"><em>Marcela Petcu<\/em><\/p>\n","protected":false},"excerpt":{"rendered":"<p>Legisla\u0163ia prevede<\/p>\n","protected":false},"author":2,"featured_media":0,"comment_status":"open","ping_status":"open","sticky":false,"template":"","format":"standard","meta":{"footnotes":""},"categories":[8],"tags":[],"class_list":["post-37932","post","type-post","status-publish","format-standard","hentry","category-alert-news"],"_links":{"self":[{"href":"https:\/\/www.giurgiuveanul.ro\/stiri\/wp-json\/wp\/v2\/posts\/37932","targetHints":{"allow":["GET"]}}],"collection":[{"href":"https:\/\/www.giurgiuveanul.ro\/stiri\/wp-json\/wp\/v2\/posts"}],"about":[{"href":"https:\/\/www.giurgiuveanul.ro\/stiri\/wp-json\/wp\/v2\/types\/post"}],"author":[{"embeddable":true,"href":"https:\/\/www.giurgiuveanul.ro\/stiri\/wp-json\/wp\/v2\/users\/2"}],"replies":[{"embeddable":true,"href":"https:\/\/www.giurgiuveanul.ro\/stiri\/wp-json\/wp\/v2\/comments?post=37932"}],"version-history":[{"count":0,"href":"https:\/\/www.giurgiuveanul.ro\/stiri\/wp-json\/wp\/v2\/posts\/37932\/revisions"}],"wp:attachment":[{"href":"https:\/\/www.giurgiuveanul.ro\/stiri\/wp-json\/wp\/v2\/media?parent=37932"}],"wp:term":[{"taxonomy":"category","embeddable":true,"href":"https:\/\/www.giurgiuveanul.ro\/stiri\/wp-json\/wp\/v2\/categories?post=37932"},{"taxonomy":"post_tag","embeddable":true,"href":"https:\/\/www.giurgiuveanul.ro\/stiri\/wp-json\/wp\/v2\/tags?post=37932"}],"curies":[{"name":"wp","href":"https:\/\/api.w.org\/{rel}","templated":true}]}}