{"id":37950,"date":"2017-02-17T17:27:59","date_gmt":"2017-02-17T15:27:59","guid":{"rendered":"https:\/\/www.giurgiuveanul.ro\/stiri\/?p=37950"},"modified":"2017-02-17T17:27:59","modified_gmt":"2017-02-17T15:27:59","slug":"nevoia-de-impacare","status":"publish","type":"post","link":"https:\/\/www.giurgiuveanul.ro\/stiri\/nevoia-de-impacare\/","title":{"rendered":"NEVOIA DE \u00ceMP\u0102CARE"},"content":{"rendered":"<p style=\"text-align: justify;\"><a href=\"https:\/\/www.giurgiuveanul.ro\/stiri\/wp-content\/uploads\/2017\/02\/Self-Love-Beauty-happy-for-others.jpg\"><img loading=\"lazy\" decoding=\"async\" class=\"aligncenter size-large wp-image-37951\" src=\"https:\/\/www.giurgiuveanul.ro\/stiri\/wp-content\/uploads\/2017\/02\/Self-Love-Beauty-happy-for-others-560x374.jpg\" alt=\"Self-Love-Beauty-happy-for-others\" width=\"560\" height=\"374\" srcset=\"https:\/\/www.giurgiuveanul.ro\/stiri\/wp-content\/uploads\/2017\/02\/Self-Love-Beauty-happy-for-others-560x374.jpg 560w, https:\/\/www.giurgiuveanul.ro\/stiri\/wp-content\/uploads\/2017\/02\/Self-Love-Beauty-happy-for-others-250x167.jpg 250w, https:\/\/www.giurgiuveanul.ro\/stiri\/wp-content\/uploads\/2017\/02\/Self-Love-Beauty-happy-for-others-400x267.jpg 400w, https:\/\/www.giurgiuveanul.ro\/stiri\/wp-content\/uploads\/2017\/02\/Self-Love-Beauty-happy-for-others.jpg 1000w\" sizes=\"auto, (max-width: 560px) 100vw, 560px\" \/><\/a>Acum c\u00e2teva zile un ministru<!--more--> \u015fi-a \u00eenaintat demisia pentru c\u0103 a lipsit comunicarea \u00een luarea unei decizii privind \u00eentocmirea, aprobarea \u015fi publicarea unei Ordonan\u0163e de Urgen\u0163\u0103. \u015ei, ghinion, ordonan\u0163a avea num\u0103rul 13.<\/p>\n<p style=\"text-align: justify;\">\u00centr-un oficiu de mediere, s-a ajuns la desfacerea unei c\u0103s\u0103torii , cu acordul ambelor p\u0103r\u0163i, pentru c\u0103, din lips\u0103 de comunicare, ?!, de\u015fi comunicare a existat din moment ce fiecare se acuz\u0103 de ceva, ambii so\u0163i nu se mai suport\u0103!<\/p>\n<p style=\"text-align: justify;\">\u00cen multe ora\u015fe din \u0163ar\u0103, proteste. \u00cen capital\u0103, proteste \u015fi proteste!<\/p>\n<p style=\"text-align: justify;\">Sear\u0103 de sear\u0103, la toate posturile de televiziune, talk-show-uri cu oameni politici, partizani declara\u0163i sau aparent independen\u0163i, formatori de opinie,oameni de decizie \u00een unele cazuri, to\u0163i, dar absolut to\u0163i, invoc\u0103 lipsa, nevoia de comunicare \u00een aprecierea, evaluarea \u015fi diagnosticarea nelini\u015ftii ce se resimte peste tot \u00een \u0163ar\u0103.<\/p>\n<p style=\"text-align: justify;\">Cine, cui, ce, c\u00e2t, cum s\u0103 comunice nu se \u00een\u0163elege niciodat\u0103!<\/p>\n<p style=\"text-align: justify;\">P\u00e2n\u0103 nu se va \u00een\u0163elege c\u0103 ceea ce numim COMUNICARE este un PROCES COMPLEX bazat pe DIALOG, p\u00e2n\u0103 nu se va \u00een\u0163elege c\u0103 dialogul este, trebuie s\u0103 fie!, SCHIMB DE IDEI-CUVINTE, NU DE VORBE \u015fi c\u0103 reu\u015fita acestuia \u0163ine de disponibillitatea la dialog, nivelul de cunoa\u015ftere, informa\u0163ia \u015fi puterea de \u00een\u0163elegere, \u00een sens larg \u015fi \u00een sens restr\u00e2ns, \u00a0ale celor angaja\u0163i \u00een dialog, nu la taclale sau la tain\u0103 pe marginea \u015fan\u0163ului, nu se va ajunge niciunde!<\/p>\n<p style=\"text-align: justify;\">Pentru ilustrare: Intr-o FAMILIE, armonia se bazeaz\u0103 pe dialogul dintre so\u0163-so\u0163ie. Ace\u015ftia, solidar \u015fi de comun acord, tacit sau declarat, stabilesc momentul c\u00e2nd dialogul lor trebuie \u015fi poate fi desf\u0103\u015furat \u00een fa\u0163a copiilor, serviciile secrete, absolut necesare \u00een via\u0163a comunit\u0103\u0163ii, afl\u0103 uneori\u00a0 ceea ce le intereseaz\u0103 de la copii! Nu copiii sunt de vin\u0103! Natura dialogului se schimb\u0103 c\u00e2nd, \u00een discu\u0163ie, intervin p\u0103rin\u0163ii unuia dintre so\u0163i! \u00cen societate\u2026 Uneori, din lips\u0103 de comunicare la nivelul grupului, apar ne\u00een\u0163elegeri! \u015ei nu totdeauna din rea inten\u0163ie! Totdeauna \u00eens\u0103\u2026 cel\u0103lalt e vinovat!<\/p>\n<p style=\"text-align: justify;\">Copiii de la p\u0103rin\u0163i \u00eenva\u0163\u0103 s\u0103 se supere, s\u0103\u00a0 se certe \u015fi s\u0103 ierte! Uneori p\u0103rin\u0163ii, omul totdeauna \u00eenva\u0163\u0103,\u00a0 ar trebui s\u0103 \u00eenve\u0163e de la copii, copii nu mai pot fi, cum s\u0103 se \u00eempace!<\/p>\n<p style=\"text-align: justify;\">Arta \u00eemp\u0103c\u0103rii este \u00een m\u00e2na copiilor. P\u0103rin\u0163ii nu au dec\u00e2t s\u0103-i descifreze resorturile, c\u0103 mare nevoie este de \u00eemp\u0103care!<\/p>\n<p style=\"text-align: justify;\">\n<p style=\"text-align: justify;\"><em>Gh.C.Br.<\/em><\/p>\n","protected":false},"excerpt":{"rendered":"<p>Acum c\u00e2teva zile un ministru<\/p>\n","protected":false},"author":2,"featured_media":0,"comment_status":"open","ping_status":"open","sticky":false,"template":"","format":"standard","meta":{"footnotes":""},"categories":[21],"tags":[],"class_list":["post-37950","post","type-post","status-publish","format-standard","hentry","category-opinia-mea"],"_links":{"self":[{"href":"https:\/\/www.giurgiuveanul.ro\/stiri\/wp-json\/wp\/v2\/posts\/37950","targetHints":{"allow":["GET"]}}],"collection":[{"href":"https:\/\/www.giurgiuveanul.ro\/stiri\/wp-json\/wp\/v2\/posts"}],"about":[{"href":"https:\/\/www.giurgiuveanul.ro\/stiri\/wp-json\/wp\/v2\/types\/post"}],"author":[{"embeddable":true,"href":"https:\/\/www.giurgiuveanul.ro\/stiri\/wp-json\/wp\/v2\/users\/2"}],"replies":[{"embeddable":true,"href":"https:\/\/www.giurgiuveanul.ro\/stiri\/wp-json\/wp\/v2\/comments?post=37950"}],"version-history":[{"count":0,"href":"https:\/\/www.giurgiuveanul.ro\/stiri\/wp-json\/wp\/v2\/posts\/37950\/revisions"}],"wp:attachment":[{"href":"https:\/\/www.giurgiuveanul.ro\/stiri\/wp-json\/wp\/v2\/media?parent=37950"}],"wp:term":[{"taxonomy":"category","embeddable":true,"href":"https:\/\/www.giurgiuveanul.ro\/stiri\/wp-json\/wp\/v2\/categories?post=37950"},{"taxonomy":"post_tag","embeddable":true,"href":"https:\/\/www.giurgiuveanul.ro\/stiri\/wp-json\/wp\/v2\/tags?post=37950"}],"curies":[{"name":"wp","href":"https:\/\/api.w.org\/{rel}","templated":true}]}}