{"id":37953,"date":"2017-02-17T18:05:12","date_gmt":"2017-02-17T16:05:12","guid":{"rendered":"https:\/\/www.giurgiuveanul.ro\/stiri\/?p=37953"},"modified":"2017-02-17T18:05:12","modified_gmt":"2017-02-17T16:05:12","slug":"cunoasteti-acest-tanar-cartea-lui-de-identitate-fost-gasita-pe-bulevardul-cfr","status":"publish","type":"post","link":"https:\/\/www.giurgiuveanul.ro\/stiri\/cunoasteti-acest-tanar-cartea-lui-de-identitate-fost-gasita-pe-bulevardul-cfr\/","title":{"rendered":"Cunoa\u015fte\u0163i acest t\u00e2n\u0103r? Cartea lui de identitate a fost g\u0103sit\u0103 pe bulevardul CFR"},"content":{"rendered":"<p style=\"text-align: justify;\"><strong><a href=\"https:\/\/www.giurgiuveanul.ro\/stiri\/wp-content\/uploads\/2017\/02\/IMG_0115.jpg\"><img loading=\"lazy\" decoding=\"async\" class=\"aligncenter size-large wp-image-37954\" src=\"https:\/\/www.giurgiuveanul.ro\/stiri\/wp-content\/uploads\/2017\/02\/IMG_0115-560x129.jpg\" alt=\"IMG_0115\" width=\"560\" height=\"129\" srcset=\"https:\/\/www.giurgiuveanul.ro\/stiri\/wp-content\/uploads\/2017\/02\/IMG_0115-560x129.jpg 560w, https:\/\/www.giurgiuveanul.ro\/stiri\/wp-content\/uploads\/2017\/02\/IMG_0115-250x58.jpg 250w, https:\/\/www.giurgiuveanul.ro\/stiri\/wp-content\/uploads\/2017\/02\/IMG_0115-400x92.jpg 400w, https:\/\/www.giurgiuveanul.ro\/stiri\/wp-content\/uploads\/2017\/02\/IMG_0115.jpg 800w\" sizes=\"auto, (max-width: 560px) 100vw, 560px\" \/><\/a>Ast\u0103zi, la orele pr\u00e2nzului, a fost g\u0103sit\u0103 cartea de identitate a unui t\u00e2n\u0103r giurgiuvean.<\/strong><\/p>\n<p style=\"text-align: justify;\">Dac\u0103 \u00eel cunoa\u015fte\u0163i pe <!--more--><strong>Marius-Marian Slate<\/strong>, \u00eei pute\u0163i aduce la cuno\u015ftin\u0163\u0103 faptul c\u0103 documentul\u00a0 s\u0103u de identitate a fost g\u0103sit pe bulevardul CFR \u015fi a fost predat la sediul Inspectoratului de Poli\u0163ie Jude\u0163ean Giurgiu, tot pe bulevardul CFR.<\/p>\n","protected":false},"excerpt":{"rendered":"<p>Ast\u0103zi, la orele pr\u00e2nzului, a fost g\u0103sit\u0103 cartea de identitate a unui t\u00e2n\u0103r giurgiuvean. Dac\u0103 \u00eel cunoa\u015fte\u0163i pe<\/p>\n","protected":false},"author":2,"featured_media":0,"comment_status":"open","ping_status":"open","sticky":false,"template":"","format":"standard","meta":{"footnotes":""},"categories":[8],"tags":[],"class_list":["post-37953","post","type-post","status-publish","format-standard","hentry","category-alert-news"],"_links":{"self":[{"href":"https:\/\/www.giurgiuveanul.ro\/stiri\/wp-json\/wp\/v2\/posts\/37953","targetHints":{"allow":["GET"]}}],"collection":[{"href":"https:\/\/www.giurgiuveanul.ro\/stiri\/wp-json\/wp\/v2\/posts"}],"about":[{"href":"https:\/\/www.giurgiuveanul.ro\/stiri\/wp-json\/wp\/v2\/types\/post"}],"author":[{"embeddable":true,"href":"https:\/\/www.giurgiuveanul.ro\/stiri\/wp-json\/wp\/v2\/users\/2"}],"replies":[{"embeddable":true,"href":"https:\/\/www.giurgiuveanul.ro\/stiri\/wp-json\/wp\/v2\/comments?post=37953"}],"version-history":[{"count":0,"href":"https:\/\/www.giurgiuveanul.ro\/stiri\/wp-json\/wp\/v2\/posts\/37953\/revisions"}],"wp:attachment":[{"href":"https:\/\/www.giurgiuveanul.ro\/stiri\/wp-json\/wp\/v2\/media?parent=37953"}],"wp:term":[{"taxonomy":"category","embeddable":true,"href":"https:\/\/www.giurgiuveanul.ro\/stiri\/wp-json\/wp\/v2\/categories?post=37953"},{"taxonomy":"post_tag","embeddable":true,"href":"https:\/\/www.giurgiuveanul.ro\/stiri\/wp-json\/wp\/v2\/tags?post=37953"}],"curies":[{"name":"wp","href":"https:\/\/api.w.org\/{rel}","templated":true}]}}