{"id":37961,"date":"2017-02-18T17:48:19","date_gmt":"2017-02-18T15:48:19","guid":{"rendered":"https:\/\/www.giurgiuveanul.ro\/stiri\/?p=37961"},"modified":"2017-02-20T09:21:32","modified_gmt":"2017-02-20T07:21:32","slug":"cum-va-fi-vremea-duminica","status":"publish","type":"post","link":"https:\/\/www.giurgiuveanul.ro\/stiri\/cum-va-fi-vremea-duminica\/","title":{"rendered":"Cum va fi vremea&#8230; duminic\u0103"},"content":{"rendered":"<p style=\"text-align: justify;\"><a href=\"https:\/\/www.giurgiuveanul.ro\/stiri\/wp-content\/uploads\/2017\/02\/IMG_0127.jpg\"><img loading=\"lazy\" decoding=\"async\" class=\"aligncenter size-large wp-image-37963\" src=\"https:\/\/www.giurgiuveanul.ro\/stiri\/wp-content\/uploads\/2017\/02\/IMG_0127-259x450.jpg\" alt=\"IMG_0127\" width=\"259\" height=\"450\" srcset=\"https:\/\/www.giurgiuveanul.ro\/stiri\/wp-content\/uploads\/2017\/02\/IMG_0127-259x450.jpg 259w, https:\/\/www.giurgiuveanul.ro\/stiri\/wp-content\/uploads\/2017\/02\/IMG_0127-173x300.jpg 173w, https:\/\/www.giurgiuveanul.ro\/stiri\/wp-content\/uploads\/2017\/02\/IMG_0127-345x600.jpg 345w, https:\/\/www.giurgiuveanul.ro\/stiri\/wp-content\/uploads\/2017\/02\/IMG_0127.jpg 460w\" sizes=\"auto, (max-width: 259px) 100vw, 259px\" \/><\/a>Duminic\u0103, 19 februarie 2017, valorile termice vor<!--more--> cre\u015fte fa\u0163\u0103 de s\u00e2mb\u0103t\u0103 \u00een sudul \u0163\u0103rii, \u015fi se vor situa \u00een continuare peste mediile multianuale \u00eendeosebi \u00een vest, nord \u015fi centru. La Giurgiu sunt prognozate 4 grade Celsius.<\/p>\n<p style=\"text-align: justify;\">Va fi foarte cald \u00een regiunile vestice \u015fi centrale \u00een mod special, dar vremea va fi pl\u0103cut\u0103 \u00een toat\u0103 \u0163ara. Cerul va fi predominant \u00eennorat \u015fi se vor semnala precipita\u0163ii slabe, sub form\u0103 de lapovi\u0163\u0103 \u015fi ploaie \u00een jum\u0103tatea sud-vestic\u0103 a \u0163\u0103rii \u015fi izolat \u00een rest.<\/p>\n<p style=\"text-align: justify;\">Sunt condi\u0163ii de polei in prima parte a zilei. La munte, cu prec\u0103dere \u00een Mun\u0163ii Banatului \u015fi \u00een Carpa\u0163ii Meridionali, va ninge iar v\u00e2ntul va avea unele intensific\u0103ri. Diminea\u0163a, izolat va fi cea\u0163\u0103.<\/p>\n<p style=\"text-align: justify;\"><strong>Ora la care r\u0103sare \u015fi apune soarele<\/strong><\/p>\n<p style=\"text-align: justify;\">Soarele r\u0103sare: 07:16<\/p>\n<p style=\"text-align: justify;\">Soarele apune: 17:42<\/p>\n<p style=\"text-align: justify;\"><strong>Presiunea atmosferic\u0103:\u00a0 772 mmHg<\/strong><\/p>\n<p style=\"text-align: justify;\"><strong>Viteza v\u00e2ntului:\u00a0 4 km\/h (S-SV)<\/strong><\/p>\n","protected":false},"excerpt":{"rendered":"<p>Duminic\u0103, 19 februarie 2017, valorile termice vor<\/p>\n","protected":false},"author":2,"featured_media":0,"comment_status":"open","ping_status":"open","sticky":false,"template":"","format":"standard","meta":{"footnotes":""},"categories":[8],"tags":[],"class_list":["post-37961","post","type-post","status-publish","format-standard","hentry","category-alert-news"],"_links":{"self":[{"href":"https:\/\/www.giurgiuveanul.ro\/stiri\/wp-json\/wp\/v2\/posts\/37961","targetHints":{"allow":["GET"]}}],"collection":[{"href":"https:\/\/www.giurgiuveanul.ro\/stiri\/wp-json\/wp\/v2\/posts"}],"about":[{"href":"https:\/\/www.giurgiuveanul.ro\/stiri\/wp-json\/wp\/v2\/types\/post"}],"author":[{"embeddable":true,"href":"https:\/\/www.giurgiuveanul.ro\/stiri\/wp-json\/wp\/v2\/users\/2"}],"replies":[{"embeddable":true,"href":"https:\/\/www.giurgiuveanul.ro\/stiri\/wp-json\/wp\/v2\/comments?post=37961"}],"version-history":[{"count":0,"href":"https:\/\/www.giurgiuveanul.ro\/stiri\/wp-json\/wp\/v2\/posts\/37961\/revisions"}],"wp:attachment":[{"href":"https:\/\/www.giurgiuveanul.ro\/stiri\/wp-json\/wp\/v2\/media?parent=37961"}],"wp:term":[{"taxonomy":"category","embeddable":true,"href":"https:\/\/www.giurgiuveanul.ro\/stiri\/wp-json\/wp\/v2\/categories?post=37961"},{"taxonomy":"post_tag","embeddable":true,"href":"https:\/\/www.giurgiuveanul.ro\/stiri\/wp-json\/wp\/v2\/tags?post=37961"}],"curies":[{"name":"wp","href":"https:\/\/api.w.org\/{rel}","templated":true}]}}