{"id":37966,"date":"2017-02-19T13:03:04","date_gmt":"2017-02-19T11:03:04","guid":{"rendered":"https:\/\/www.giurgiuveanul.ro\/stiri\/?p=37966"},"modified":"2017-02-19T14:21:42","modified_gmt":"2017-02-19T12:21:42","slug":"foto-exclusiv-budescu-sarbatorit-anticipat-la-giurgiu-ce-primit-cadou-atacantul-astrei-vezi-aici","status":"publish","type":"post","link":"https:\/\/www.giurgiuveanul.ro\/stiri\/foto-exclusiv-budescu-sarbatorit-anticipat-la-giurgiu-ce-primit-cadou-atacantul-astrei-vezi-aici\/","title":{"rendered":"EXCLUSIV! Budescu, s\u0103rb\u0103torit anticipat la Giurgiu! FOTO!"},"content":{"rendered":"<p style=\"text-align: justify;\"><a href=\"https:\/\/www.giurgiuveanul.ro\/stiri\/wp-content\/uploads\/2017\/02\/IMG_0864.jpg\"><img loading=\"lazy\" decoding=\"async\" class=\"aligncenter size-large wp-image-37967\" src=\"https:\/\/www.giurgiuveanul.ro\/stiri\/wp-content\/uploads\/2017\/02\/IMG_0864-560x384.jpg\" alt=\"IMG_0864\" width=\"560\" height=\"384\" srcset=\"https:\/\/www.giurgiuveanul.ro\/stiri\/wp-content\/uploads\/2017\/02\/IMG_0864-560x384.jpg 560w, https:\/\/www.giurgiuveanul.ro\/stiri\/wp-content\/uploads\/2017\/02\/IMG_0864-250x172.jpg 250w, https:\/\/www.giurgiuveanul.ro\/stiri\/wp-content\/uploads\/2017\/02\/IMG_0864-400x275.jpg 400w, https:\/\/www.giurgiuveanul.ro\/stiri\/wp-content\/uploads\/2017\/02\/IMG_0864.jpg 800w\" sizes=\"auto, (max-width: 560px) 100vw, 560px\" \/><\/a>Constantin Budescu a fost s\u0103rb\u0103torit (anticipat) asear\u0103 la <!--more-->Restaurantul \u201ePerla\u201d din Giurgiu, cu prilejul \u00eemplinirii frumoasei v\u00e2rste de 28 de ani! El a primit un tort personalizat,<\/p>\n<p style=\"text-align: justify;\"><a href=\"https:\/\/www.giurgiuveanul.ro\/stiri\/wp-content\/uploads\/2017\/02\/IMG_0839.jpg\"><img loading=\"lazy\" decoding=\"async\" class=\"aligncenter size-large wp-image-37968\" src=\"https:\/\/www.giurgiuveanul.ro\/stiri\/wp-content\/uploads\/2017\/02\/IMG_0839-425x450.jpg\" alt=\"IMG_0839\" width=\"425\" height=\"450\" srcset=\"https:\/\/www.giurgiuveanul.ro\/stiri\/wp-content\/uploads\/2017\/02\/IMG_0839-425x450.jpg 425w, https:\/\/www.giurgiuveanul.ro\/stiri\/wp-content\/uploads\/2017\/02\/IMG_0839-250x265.jpg 250w, https:\/\/www.giurgiuveanul.ro\/stiri\/wp-content\/uploads\/2017\/02\/IMG_0839-400x424.jpg 400w, https:\/\/www.giurgiuveanul.ro\/stiri\/wp-content\/uploads\/2017\/02\/IMG_0839.jpg 755w\" sizes=\"auto, (max-width: 425px) 100vw, 425px\" \/><\/a><\/p>\n<p style=\"text-align: justify;\"><a href=\"https:\/\/www.giurgiuveanul.ro\/stiri\/wp-content\/uploads\/2017\/02\/IMG_0836.jpg\"><img loading=\"lazy\" decoding=\"async\" class=\"aligncenter size-large wp-image-37970\" src=\"https:\/\/www.giurgiuveanul.ro\/stiri\/wp-content\/uploads\/2017\/02\/IMG_0836-560x372.jpg\" alt=\"IMG_0836\" width=\"560\" height=\"372\" srcset=\"https:\/\/www.giurgiuveanul.ro\/stiri\/wp-content\/uploads\/2017\/02\/IMG_0836-560x372.jpg 560w, https:\/\/www.giurgiuveanul.ro\/stiri\/wp-content\/uploads\/2017\/02\/IMG_0836-250x166.jpg 250w, https:\/\/www.giurgiuveanul.ro\/stiri\/wp-content\/uploads\/2017\/02\/IMG_0836-400x266.jpg 400w, https:\/\/www.giurgiuveanul.ro\/stiri\/wp-content\/uploads\/2017\/02\/IMG_0836.jpg 800w\" sizes=\"auto, (max-width: 560px) 100vw, 560px\" \/><\/a><\/p>\n<p style=\"text-align: justify;\"><a href=\"https:\/\/www.giurgiuveanul.ro\/stiri\/wp-content\/uploads\/2017\/02\/IMG_0873.jpg\"><img loading=\"lazy\" decoding=\"async\" class=\"aligncenter size-large wp-image-37969\" src=\"https:\/\/www.giurgiuveanul.ro\/stiri\/wp-content\/uploads\/2017\/02\/IMG_0873-560x418.jpg\" alt=\"IMG_0873\" width=\"560\" height=\"418\" srcset=\"https:\/\/www.giurgiuveanul.ro\/stiri\/wp-content\/uploads\/2017\/02\/IMG_0873-560x418.jpg 560w, https:\/\/www.giurgiuveanul.ro\/stiri\/wp-content\/uploads\/2017\/02\/IMG_0873-250x187.jpg 250w, https:\/\/www.giurgiuveanul.ro\/stiri\/wp-content\/uploads\/2017\/02\/IMG_0873-400x299.jpg 400w, https:\/\/www.giurgiuveanul.ro\/stiri\/wp-content\/uploads\/2017\/02\/IMG_0873.jpg 800w\" sizes=\"auto, (max-width: 560px) 100vw, 560px\" \/><\/a><\/p>\n<p style=\"text-align: justify;\">de care se face \u201evinovat\u201d patronul restaurantului \u201ePerla\u201d, <strong>Aurelian Pencea<\/strong>, \u015fi scrisori de felicitare din partea administra\u0163iei publice locale \u015fi a primarului Nicolae Barbu.<\/p>\n<p style=\"text-align: justify;\">Cel mai frumos cadou \u00eens\u0103 pe care Budescu \u00eel poate primi din partea colegilor sau\u2026 \u00eel poate face el astri\u0219tilor, este victoria \u00een partida din aceast\u0103 sear\u0103!<\/p>\n<p style=\"text-align: justify;\">V\u0103 reamintim c\u0103, \u00een aceast\u0103 sear\u0103, cu \u00eencepere de la orele 20:00, Astra Giurgiu va \u00eent\u00e2lni Viitorul Constan\u021ba, pe stadionul municipal \u201eMarin Anastasovici\u201d din Giurgiu.<\/p>\n<p style=\"text-align: justify;\">Prezent la eveniment, reprezentantul cotidianului Giurgiuveanul,<strong> Daniel Arcanu<\/strong>,<\/p>\n<p style=\"text-align: justify;\"><a href=\"https:\/\/www.giurgiuveanul.ro\/stiri\/wp-content\/uploads\/2017\/02\/16831165_594810604052309_7250777386686624482_n.jpg\"><img loading=\"lazy\" decoding=\"async\" class=\"aligncenter size-large wp-image-37971\" src=\"https:\/\/www.giurgiuveanul.ro\/stiri\/wp-content\/uploads\/2017\/02\/16831165_594810604052309_7250777386686624482_n-526x450.jpg\" alt=\"16831165_594810604052309_7250777386686624482_n\" width=\"526\" height=\"450\" srcset=\"https:\/\/www.giurgiuveanul.ro\/stiri\/wp-content\/uploads\/2017\/02\/16831165_594810604052309_7250777386686624482_n-526x450.jpg 526w, https:\/\/www.giurgiuveanul.ro\/stiri\/wp-content\/uploads\/2017\/02\/16831165_594810604052309_7250777386686624482_n-250x214.jpg 250w, https:\/\/www.giurgiuveanul.ro\/stiri\/wp-content\/uploads\/2017\/02\/16831165_594810604052309_7250777386686624482_n-400x343.jpg 400w, https:\/\/www.giurgiuveanul.ro\/stiri\/wp-content\/uploads\/2017\/02\/16831165_594810604052309_7250777386686624482_n.jpg 960w\" sizes=\"auto, (max-width: 526px) 100vw, 526px\" \/><\/a><\/p>\n<p style=\"text-align: justify;\">i-a transmis (din partea redac\u0163iei) un c\u0103lduros <strong>La Mul\u0163i Ani<\/strong> lui <strong>Constantin Budescu<\/strong>.<\/p>\n","protected":false},"excerpt":{"rendered":"<p>Constantin Budescu a fost s\u0103rb\u0103torit (anticipat) asear\u0103 la<\/p>\n","protected":false},"author":2,"featured_media":0,"comment_status":"open","ping_status":"open","sticky":false,"template":"","format":"standard","meta":{"footnotes":""},"categories":[16],"tags":[],"class_list":["post-37966","post","type-post","status-publish","format-standard","hentry","category-astazi-e-ziua-ta"],"_links":{"self":[{"href":"https:\/\/www.giurgiuveanul.ro\/stiri\/wp-json\/wp\/v2\/posts\/37966","targetHints":{"allow":["GET"]}}],"collection":[{"href":"https:\/\/www.giurgiuveanul.ro\/stiri\/wp-json\/wp\/v2\/posts"}],"about":[{"href":"https:\/\/www.giurgiuveanul.ro\/stiri\/wp-json\/wp\/v2\/types\/post"}],"author":[{"embeddable":true,"href":"https:\/\/www.giurgiuveanul.ro\/stiri\/wp-json\/wp\/v2\/users\/2"}],"replies":[{"embeddable":true,"href":"https:\/\/www.giurgiuveanul.ro\/stiri\/wp-json\/wp\/v2\/comments?post=37966"}],"version-history":[{"count":0,"href":"https:\/\/www.giurgiuveanul.ro\/stiri\/wp-json\/wp\/v2\/posts\/37966\/revisions"}],"wp:attachment":[{"href":"https:\/\/www.giurgiuveanul.ro\/stiri\/wp-json\/wp\/v2\/media?parent=37966"}],"wp:term":[{"taxonomy":"category","embeddable":true,"href":"https:\/\/www.giurgiuveanul.ro\/stiri\/wp-json\/wp\/v2\/categories?post=37966"},{"taxonomy":"post_tag","embeddable":true,"href":"https:\/\/www.giurgiuveanul.ro\/stiri\/wp-json\/wp\/v2\/tags?post=37966"}],"curies":[{"name":"wp","href":"https:\/\/api.w.org\/{rel}","templated":true}]}}