{"id":38007,"date":"2017-02-20T15:33:03","date_gmt":"2017-02-20T13:33:03","guid":{"rendered":"https:\/\/www.giurgiuveanul.ro\/stiri\/?p=38007"},"modified":"2017-02-20T15:33:03","modified_gmt":"2017-02-20T13:33:03","slug":"ministrul-razvan-cuc-mentine-oug-nr-22017-in-forma-prevazuta","status":"publish","type":"post","link":"https:\/\/www.giurgiuveanul.ro\/stiri\/ministrul-razvan-cuc-mentine-oug-nr-22017-in-forma-prevazuta\/","title":{"rendered":"Ministrul R\u0103zvan Cuc men\u0163ine OUG nr 2\/2017 \u00een forma prev\u0103zut\u0103"},"content":{"rendered":"<p style=\"text-align: justify;\"><a href=\"https:\/\/www.giurgiuveanul.ro\/stiri\/wp-content\/uploads\/2017\/02\/razvancuc_64044600.jpg\"><img loading=\"lazy\" decoding=\"async\" class=\"aligncenter size-large wp-image-38008\" src=\"https:\/\/www.giurgiuveanul.ro\/stiri\/wp-content\/uploads\/2017\/02\/razvancuc_64044600-560x314.jpg\" alt=\"razvancuc_64044600\" width=\"560\" height=\"314\" srcset=\"https:\/\/www.giurgiuveanul.ro\/stiri\/wp-content\/uploads\/2017\/02\/razvancuc_64044600-560x314.jpg 560w, https:\/\/www.giurgiuveanul.ro\/stiri\/wp-content\/uploads\/2017\/02\/razvancuc_64044600-250x140.jpg 250w, https:\/\/www.giurgiuveanul.ro\/stiri\/wp-content\/uploads\/2017\/02\/razvancuc_64044600-400x225.jpg 400w, https:\/\/www.giurgiuveanul.ro\/stiri\/wp-content\/uploads\/2017\/02\/razvancuc_64044600.jpg 620w\" sizes=\"auto, (max-width: 560px) 100vw, 560px\" \/><\/a>Ministrul Transporturilor, R\u0103zvan Cuc, a discutat cu pre\u015fedintele <!--more-->Partidului Social Democrat, Liviu Dragnea, pe marginea amendamentului depus \u00een Parlament cu privire la proiectul de Lege pentru aprobarea a OUG nr 2\/2017, referitor la gratuitatea c\u0103l\u0103toriilor studen\u0163ilor pe calea ferat\u0103.<\/p>\n<p style=\"text-align: justify;\">\u00cen urma discu\u0163iei, s-a convenit cu privire la faptul c\u0103 toate m\u0103surile cuprinse \u00een Programul de Guvernare vor fi respectate \u015fi implementate, iar \u00een cazul gratuit\u0103\u0163ii c\u0103l\u0103toriilor studen\u0163ilor pe calea ferat\u0103 aceasta nu va fi modificat\u0103 \u015f va r\u0103m\u00e2ne \u00een forma prev\u0103zut\u0103 \u00een OUG nr 2\/2017.<\/p>\n","protected":false},"excerpt":{"rendered":"<p>Ministrul Transporturilor, R\u0103zvan Cuc, a discutat cu pre\u015fedintele<\/p>\n","protected":false},"author":2,"featured_media":0,"comment_status":"open","ping_status":"open","sticky":false,"template":"","format":"standard","meta":{"footnotes":""},"categories":[8],"tags":[],"class_list":["post-38007","post","type-post","status-publish","format-standard","hentry","category-alert-news"],"_links":{"self":[{"href":"https:\/\/www.giurgiuveanul.ro\/stiri\/wp-json\/wp\/v2\/posts\/38007","targetHints":{"allow":["GET"]}}],"collection":[{"href":"https:\/\/www.giurgiuveanul.ro\/stiri\/wp-json\/wp\/v2\/posts"}],"about":[{"href":"https:\/\/www.giurgiuveanul.ro\/stiri\/wp-json\/wp\/v2\/types\/post"}],"author":[{"embeddable":true,"href":"https:\/\/www.giurgiuveanul.ro\/stiri\/wp-json\/wp\/v2\/users\/2"}],"replies":[{"embeddable":true,"href":"https:\/\/www.giurgiuveanul.ro\/stiri\/wp-json\/wp\/v2\/comments?post=38007"}],"version-history":[{"count":0,"href":"https:\/\/www.giurgiuveanul.ro\/stiri\/wp-json\/wp\/v2\/posts\/38007\/revisions"}],"wp:attachment":[{"href":"https:\/\/www.giurgiuveanul.ro\/stiri\/wp-json\/wp\/v2\/media?parent=38007"}],"wp:term":[{"taxonomy":"category","embeddable":true,"href":"https:\/\/www.giurgiuveanul.ro\/stiri\/wp-json\/wp\/v2\/categories?post=38007"},{"taxonomy":"post_tag","embeddable":true,"href":"https:\/\/www.giurgiuveanul.ro\/stiri\/wp-json\/wp\/v2\/tags?post=38007"}],"curies":[{"name":"wp","href":"https:\/\/api.w.org\/{rel}","templated":true}]}}