{"id":38040,"date":"2017-02-21T08:36:54","date_gmt":"2017-02-21T06:36:54","guid":{"rendered":"https:\/\/www.giurgiuveanul.ro\/stiri\/?p=38040"},"modified":"2017-02-21T08:36:54","modified_gmt":"2017-02-21T06:36:54","slug":"mansarda-unei-case-luat-foc-de-la-cos-de-fum","status":"publish","type":"post","link":"https:\/\/www.giurgiuveanul.ro\/stiri\/mansarda-unei-case-luat-foc-de-la-cos-de-fum\/","title":{"rendered":"Mansarda unei case a luat foc de la un co\u015f de fum"},"content":{"rendered":"<p style=\"text-align: justify;\"><a href=\"https:\/\/www.giurgiuveanul.ro\/stiri\/wp-content\/uploads\/2017\/02\/IMG-20170221-WA0001.jpg\"><img loading=\"lazy\" decoding=\"async\" class=\"aligncenter size-large wp-image-38041\" src=\"https:\/\/www.giurgiuveanul.ro\/stiri\/wp-content\/uploads\/2017\/02\/IMG-20170221-WA0001-338x450.jpg\" alt=\"IMG-20170221-WA0001\" width=\"338\" height=\"450\" srcset=\"https:\/\/www.giurgiuveanul.ro\/stiri\/wp-content\/uploads\/2017\/02\/IMG-20170221-WA0001-338x450.jpg 338w, https:\/\/www.giurgiuveanul.ro\/stiri\/wp-content\/uploads\/2017\/02\/IMG-20170221-WA0001-225x300.jpg 225w, https:\/\/www.giurgiuveanul.ro\/stiri\/wp-content\/uploads\/2017\/02\/IMG-20170221-WA0001-400x533.jpg 400w, https:\/\/www.giurgiuveanul.ro\/stiri\/wp-content\/uploads\/2017\/02\/IMG-20170221-WA0001.jpg 1200w\" sizes=\"auto, (max-width: 338px) 100vw, 338px\" \/><\/a>Un incendiu a izbucnit \u00een <!--more-->aceast\u0103 noapte, \u00een jurul orei 3.42, \u00een Podu Doamnei, comuna Clejani, la mansarda unei vile. Pompierii au intervenit la locul incendiului cu dou\u0103 autospeciale de la Garda Roata de Jos \u015fi o ambulan\u0163\u0103 SMURD. Focul se manifesta la mansarda locuin\u0163ei, pe o suprafa\u0163\u0103 de 15 mp.<\/p>\n<p style=\"text-align: justify;\"><a href=\"https:\/\/www.giurgiuveanul.ro\/stiri\/wp-content\/uploads\/2017\/02\/IMG-20170221-WA0002.jpg\"><img loading=\"lazy\" decoding=\"async\" class=\"aligncenter size-large wp-image-38042\" src=\"https:\/\/www.giurgiuveanul.ro\/stiri\/wp-content\/uploads\/2017\/02\/IMG-20170221-WA0002-338x450.jpg\" alt=\"IMG-20170221-WA0002\" width=\"338\" height=\"450\" srcset=\"https:\/\/www.giurgiuveanul.ro\/stiri\/wp-content\/uploads\/2017\/02\/IMG-20170221-WA0002-338x450.jpg 338w, https:\/\/www.giurgiuveanul.ro\/stiri\/wp-content\/uploads\/2017\/02\/IMG-20170221-WA0002-225x300.jpg 225w, https:\/\/www.giurgiuveanul.ro\/stiri\/wp-content\/uploads\/2017\/02\/IMG-20170221-WA0002-400x533.jpg 400w, https:\/\/www.giurgiuveanul.ro\/stiri\/wp-content\/uploads\/2017\/02\/IMG-20170221-WA0002.jpg 1200w\" sizes=\"auto, (max-width: 338px) 100vw, 338px\" \/><\/a><\/p>\n<p style=\"text-align: justify;\">Cauza probabil\u0103 a incendiului a fost un co\u015f de fum neizolat corespunz\u0103tor fa\u0163\u0103 de materialele combustibile din imediata apropiere.<\/p>\n","protected":false},"excerpt":{"rendered":"<p>Un incendiu a izbucnit \u00een<\/p>\n","protected":false},"author":2,"featured_media":0,"comment_status":"open","ping_status":"open","sticky":false,"template":"","format":"standard","meta":{"footnotes":""},"categories":[8],"tags":[],"class_list":["post-38040","post","type-post","status-publish","format-standard","hentry","category-alert-news"],"_links":{"self":[{"href":"https:\/\/www.giurgiuveanul.ro\/stiri\/wp-json\/wp\/v2\/posts\/38040","targetHints":{"allow":["GET"]}}],"collection":[{"href":"https:\/\/www.giurgiuveanul.ro\/stiri\/wp-json\/wp\/v2\/posts"}],"about":[{"href":"https:\/\/www.giurgiuveanul.ro\/stiri\/wp-json\/wp\/v2\/types\/post"}],"author":[{"embeddable":true,"href":"https:\/\/www.giurgiuveanul.ro\/stiri\/wp-json\/wp\/v2\/users\/2"}],"replies":[{"embeddable":true,"href":"https:\/\/www.giurgiuveanul.ro\/stiri\/wp-json\/wp\/v2\/comments?post=38040"}],"version-history":[{"count":0,"href":"https:\/\/www.giurgiuveanul.ro\/stiri\/wp-json\/wp\/v2\/posts\/38040\/revisions"}],"wp:attachment":[{"href":"https:\/\/www.giurgiuveanul.ro\/stiri\/wp-json\/wp\/v2\/media?parent=38040"}],"wp:term":[{"taxonomy":"category","embeddable":true,"href":"https:\/\/www.giurgiuveanul.ro\/stiri\/wp-json\/wp\/v2\/categories?post=38040"},{"taxonomy":"post_tag","embeddable":true,"href":"https:\/\/www.giurgiuveanul.ro\/stiri\/wp-json\/wp\/v2\/tags?post=38040"}],"curies":[{"name":"wp","href":"https:\/\/api.w.org\/{rel}","templated":true}]}}