{"id":38088,"date":"2017-02-22T09:11:10","date_gmt":"2017-02-22T07:11:10","guid":{"rendered":"https:\/\/www.giurgiuveanul.ro\/stiri\/?p=38088"},"modified":"2017-02-22T09:11:33","modified_gmt":"2017-02-22T07:11:33","slug":"s-a-majorat-ajutorul-de-deces","status":"publish","type":"post","link":"https:\/\/www.giurgiuveanul.ro\/stiri\/s-a-majorat-ajutorul-de-deces\/","title":{"rendered":"S-a majorat ajutorul de deces!"},"content":{"rendered":"<p style=\"text-align: justify;\"><a href=\"https:\/\/www.giurgiuveanul.ro\/stiri\/wp-content\/uploads\/2017\/02\/inmormantare-600.jpg\"><img loading=\"lazy\" decoding=\"async\" class=\"aligncenter size-large wp-image-38089\" src=\"https:\/\/www.giurgiuveanul.ro\/stiri\/wp-content\/uploads\/2017\/02\/inmormantare-600-560x373.jpg\" alt=\"inmormantare-600\" width=\"560\" height=\"373\" srcset=\"https:\/\/www.giurgiuveanul.ro\/stiri\/wp-content\/uploads\/2017\/02\/inmormantare-600-560x373.jpg 560w, https:\/\/www.giurgiuveanul.ro\/stiri\/wp-content\/uploads\/2017\/02\/inmormantare-600-250x167.jpg 250w, https:\/\/www.giurgiuveanul.ro\/stiri\/wp-content\/uploads\/2017\/02\/inmormantare-600-400x267.jpg 400w, https:\/\/www.giurgiuveanul.ro\/stiri\/wp-content\/uploads\/2017\/02\/inmormantare-600.jpg 900w\" sizes=\"auto, (max-width: 560px) 100vw, 560px\" \/><\/a>Ajutorul de deces a fost majorat la <!--more--><strong>3.131 de lei<\/strong> dup\u0103 adoptarea bugetului asigurarilor sociale pe 2017, promulgat joi de pre\u0219edintele Klaus Iohannis.<\/p>\n<p style=\"text-align: justify;\">Astfel, ajutorul de deces va cre\u0219te cu peste 400 de lei, de la 2.681 de lei la 3.131 de lei. Persoanele care pot beneficia de ajutor sunt so\u0163ul supravie\u0163uitor, copilul, p\u0103rintele, tutorele, curatorul sau oricare alt\u0103 persoan\u0103 care dovede\u015fte c\u0103 a suportat cheltuielile de deces.<\/p>\n<p style=\"text-align: justify;\">Suma de bani respectiv\u0103 se prime\u0219te \u00een termen de 24 de ore, la cererea persoanei interesate, pe baza anumitor documente justificative.<\/p>\n","protected":false},"excerpt":{"rendered":"<p>Ajutorul de deces a fost majorat la<\/p>\n","protected":false},"author":2,"featured_media":0,"comment_status":"open","ping_status":"open","sticky":false,"template":"","format":"standard","meta":{"footnotes":""},"categories":[8],"tags":[],"class_list":["post-38088","post","type-post","status-publish","format-standard","hentry","category-alert-news"],"_links":{"self":[{"href":"https:\/\/www.giurgiuveanul.ro\/stiri\/wp-json\/wp\/v2\/posts\/38088","targetHints":{"allow":["GET"]}}],"collection":[{"href":"https:\/\/www.giurgiuveanul.ro\/stiri\/wp-json\/wp\/v2\/posts"}],"about":[{"href":"https:\/\/www.giurgiuveanul.ro\/stiri\/wp-json\/wp\/v2\/types\/post"}],"author":[{"embeddable":true,"href":"https:\/\/www.giurgiuveanul.ro\/stiri\/wp-json\/wp\/v2\/users\/2"}],"replies":[{"embeddable":true,"href":"https:\/\/www.giurgiuveanul.ro\/stiri\/wp-json\/wp\/v2\/comments?post=38088"}],"version-history":[{"count":0,"href":"https:\/\/www.giurgiuveanul.ro\/stiri\/wp-json\/wp\/v2\/posts\/38088\/revisions"}],"wp:attachment":[{"href":"https:\/\/www.giurgiuveanul.ro\/stiri\/wp-json\/wp\/v2\/media?parent=38088"}],"wp:term":[{"taxonomy":"category","embeddable":true,"href":"https:\/\/www.giurgiuveanul.ro\/stiri\/wp-json\/wp\/v2\/categories?post=38088"},{"taxonomy":"post_tag","embeddable":true,"href":"https:\/\/www.giurgiuveanul.ro\/stiri\/wp-json\/wp\/v2\/tags?post=38088"}],"curies":[{"name":"wp","href":"https:\/\/api.w.org\/{rel}","templated":true}]}}