{"id":38105,"date":"2017-02-22T17:55:38","date_gmt":"2017-02-22T15:55:38","guid":{"rendered":"https:\/\/www.giurgiuveanul.ro\/stiri\/?p=38105"},"modified":"2017-02-22T18:06:25","modified_gmt":"2017-02-22T16:06:25","slug":"politistii-vor-iesi-in-strada","status":"publish","type":"post","link":"https:\/\/www.giurgiuveanul.ro\/stiri\/politistii-vor-iesi-in-strada\/","title":{"rendered":"Poli\u0163i\u015ftii amenin\u0163\u0103 c\u0103 vor ie\u015fi \u00een strad\u0103"},"content":{"rendered":"<p style=\"text-align: justify;\"><a href=\"https:\/\/www.giurgiuveanul.ro\/stiri\/wp-content\/uploads\/2017\/02\/1286374879Miting-politie-4.jpg\"><img loading=\"lazy\" decoding=\"async\" class=\"aligncenter size-large wp-image-38109\" src=\"https:\/\/www.giurgiuveanul.ro\/stiri\/wp-content\/uploads\/2017\/02\/1286374879Miting-politie-4-560x315.jpg\" alt=\"1286374879Miting politie 4\" width=\"560\" height=\"315\" srcset=\"https:\/\/www.giurgiuveanul.ro\/stiri\/wp-content\/uploads\/2017\/02\/1286374879Miting-politie-4-560x315.jpg 560w, https:\/\/www.giurgiuveanul.ro\/stiri\/wp-content\/uploads\/2017\/02\/1286374879Miting-politie-4-250x141.jpg 250w, https:\/\/www.giurgiuveanul.ro\/stiri\/wp-content\/uploads\/2017\/02\/1286374879Miting-politie-4-400x225.jpg 400w, https:\/\/www.giurgiuveanul.ro\/stiri\/wp-content\/uploads\/2017\/02\/1286374879Miting-politie-4.jpg 800w\" sizes=\"auto, (max-width: 560px) 100vw, 560px\" \/><\/a>Poli\u0163i\u015ftii au<!--more--> ajuns la limita r\u0103bd\u0103rii \u015fi amenin\u0163\u0103 c\u0103 vor ie\u015fi \u00een strad\u0103. Ei sunt nemul\u0163umi\u0163i de faptul c\u0103 se afl\u0103 la coada salariz\u0103rii, dar \u015fi c\u0103 Ministerul Afacerilor Interne nu manifest\u0103 transparen\u0163\u0103 \u00een ceea ce prive\u015fte procedura de calcul a salariilor. Sindicatul Europol este ultima organiza\u0163ie care \u015fi-a anun\u0163at prezen\u0163a \u00een strad\u0103. Astfel, dac\u0103 nimic nu se va schimba \u00een perioada imediat urm\u0103toare, mai multe sindicate vor \u00eencepe \u00een luna martie ac\u0163iunile de protest.<\/p>\n<p style=\"text-align: justify;\">Salariul lunar se compune din salariul func\u0163iei de baz\u0103, indemniza\u0163ii, compensa\u0163ii, sporuri, prime, premii \u015fi din alte drepturi salariale. Salariul func\u0163iei de baz\u0103 este compus din salariul de func\u0163ie, salariul gradului profesional de\u0163inut, grada\u0163ii \u015fi, dup\u0103\u00a0 caz, salariul de comand\u0103. Pentru realizarea diferen\u0163ierii salariilor func\u0163iilor de baz\u0103, prin legea 284\/2010 s-au stabilit clase de salarizare \u015fi coeficien\u0163i de ierarhizare pentru salariile de func\u0163ie, dar care nu s-au aplicat niciodat\u0103.<\/p>\n<p style=\"text-align: justify;\"><em>\u201eMinisterul Afacerilor Interne ascunde salarizarea poli\u0163i\u015ftilor printr-un act normativ clasificat S\/214\/2011, prin care eludeaz\u0103 legea \u00een detrimentul poli\u0163i\u015ftilor \u015fi se folose\u015fte ambiguitatea legislativ\u0103 pe care a promovat-o prin proiectele asumate de \u00ab\u00een\u0163elep\u0163ii\u00bb institu\u0163iei. Toate aceste inadverten\u0163e sunt amplificate de existen\u0163a unui flutura\u015f de salariu menit s\u0103 fie c\u00e2t se poate de obscur, \u00een a\u015fa fel \u00eenc\u00e2t poli\u0163i\u015ftii s\u0103 nu \u00een\u0163eleag\u0103 modul de calcul \u015fi eventualele erori. De fapt, poli\u0163i\u015ftii au r\u0103mas ultimii \u00abmohicani\u00bb ai sistemului public de salarizare, fiind adev\u0103rate victime ale deciziilor haotice ale guvernan\u0163ilor\u201d<\/em>, se arat\u0103 \u00eentr-un comunicat al sindicatului Sindicatului Europol.<\/p>\n","protected":false},"excerpt":{"rendered":"<p>Poli\u0163i\u015ftii au<\/p>\n","protected":false},"author":2,"featured_media":0,"comment_status":"open","ping_status":"open","sticky":false,"template":"","format":"standard","meta":{"footnotes":""},"categories":[8],"tags":[],"class_list":["post-38105","post","type-post","status-publish","format-standard","hentry","category-alert-news"],"_links":{"self":[{"href":"https:\/\/www.giurgiuveanul.ro\/stiri\/wp-json\/wp\/v2\/posts\/38105","targetHints":{"allow":["GET"]}}],"collection":[{"href":"https:\/\/www.giurgiuveanul.ro\/stiri\/wp-json\/wp\/v2\/posts"}],"about":[{"href":"https:\/\/www.giurgiuveanul.ro\/stiri\/wp-json\/wp\/v2\/types\/post"}],"author":[{"embeddable":true,"href":"https:\/\/www.giurgiuveanul.ro\/stiri\/wp-json\/wp\/v2\/users\/2"}],"replies":[{"embeddable":true,"href":"https:\/\/www.giurgiuveanul.ro\/stiri\/wp-json\/wp\/v2\/comments?post=38105"}],"version-history":[{"count":0,"href":"https:\/\/www.giurgiuveanul.ro\/stiri\/wp-json\/wp\/v2\/posts\/38105\/revisions"}],"wp:attachment":[{"href":"https:\/\/www.giurgiuveanul.ro\/stiri\/wp-json\/wp\/v2\/media?parent=38105"}],"wp:term":[{"taxonomy":"category","embeddable":true,"href":"https:\/\/www.giurgiuveanul.ro\/stiri\/wp-json\/wp\/v2\/categories?post=38105"},{"taxonomy":"post_tag","embeddable":true,"href":"https:\/\/www.giurgiuveanul.ro\/stiri\/wp-json\/wp\/v2\/tags?post=38105"}],"curies":[{"name":"wp","href":"https:\/\/api.w.org\/{rel}","templated":true}]}}