{"id":38480,"date":"2017-03-08T16:02:58","date_gmt":"2017-03-08T14:02:58","guid":{"rendered":"https:\/\/www.giurgiuveanul.ro\/stiri\/?p=38480"},"modified":"2017-03-08T16:02:58","modified_gmt":"2017-03-08T14:02:58","slug":"peste-52-kilograme-de-caras-confiscate-de-politisti","status":"publish","type":"post","link":"https:\/\/www.giurgiuveanul.ro\/stiri\/peste-52-kilograme-de-caras-confiscate-de-politisti\/","title":{"rendered":"Peste 52 kilograme de caras, confiscate de poli\u0163i\u015fti"},"content":{"rendered":"<p style=\"text-align: justify;\"><strong><a href=\"https:\/\/www.giurgiuveanul.ro\/stiri\/wp-content\/uploads\/2017\/03\/peste-caras.jpg\"><img loading=\"lazy\" decoding=\"async\" class=\"aligncenter size-large wp-image-38482\" src=\"https:\/\/www.giurgiuveanul.ro\/stiri\/wp-content\/uploads\/2017\/03\/peste-caras-560x380.jpg\" alt=\"peste-caras\" width=\"560\" height=\"380\" srcset=\"https:\/\/www.giurgiuveanul.ro\/stiri\/wp-content\/uploads\/2017\/03\/peste-caras-560x380.jpg 560w, https:\/\/www.giurgiuveanul.ro\/stiri\/wp-content\/uploads\/2017\/03\/peste-caras-250x170.jpg 250w, https:\/\/www.giurgiuveanul.ro\/stiri\/wp-content\/uploads\/2017\/03\/peste-caras-400x271.jpg 400w\" sizes=\"auto, (max-width: 560px) 100vw, 560px\" \/><\/a>Poli\u0163i\u015ftii giurgiuveni au <!--more-->confiscat, ieri, de la un b\u0103rbat din Giurgiu, peste 52 kilograme de pe\u015fte, pentru care acesta nu avea documente legale.<\/strong><\/p>\n<p style=\"text-align: justify;\">Poli\u0163i\u015ftii de la Ordine Public\u0103, Economic \u015fi Poli\u0163ia Municipal\u0103 au organizat ieri o ac\u0163iune de control pe linie de piscicultur\u0103, privind controlul produselor piscicole transportate pe drumurile publice. Ei au depistat, astfel, \u00een municpiul Giurgiu, un b\u0103rbat de 36 de ani, din localitate, care transporta cu Matiz-ul 52,51 kg de pe\u015fte, respectiv specia caras.<\/p>\n<p style=\"text-align: justify;\">B\u0103rbatul nu a putut prezenta documente de provenien\u0163\u0103 \u015fi transport. Poli\u0163i\u015ftii au indisponibilizat cantitatea de pe\u015fte, dar \u015fi autoturismul Matiz. Totodat\u0103, i s-a re\u0163inut \u015fi permisul de conducere \u015fi i s-a \u00eentocmit dosar penal pentru de\u0163inerea, transportul sau comercializarea f\u0103r\u0103 documente legale a pe\u015ftelui.<\/p>\n","protected":false},"excerpt":{"rendered":"<p>Poli\u0163i\u015ftii giurgiuveni au<\/p>\n","protected":false},"author":2,"featured_media":0,"comment_status":"open","ping_status":"open","sticky":false,"template":"","format":"standard","meta":{"footnotes":""},"categories":[8],"tags":[],"class_list":["post-38480","post","type-post","status-publish","format-standard","hentry","category-alert-news"],"_links":{"self":[{"href":"https:\/\/www.giurgiuveanul.ro\/stiri\/wp-json\/wp\/v2\/posts\/38480","targetHints":{"allow":["GET"]}}],"collection":[{"href":"https:\/\/www.giurgiuveanul.ro\/stiri\/wp-json\/wp\/v2\/posts"}],"about":[{"href":"https:\/\/www.giurgiuveanul.ro\/stiri\/wp-json\/wp\/v2\/types\/post"}],"author":[{"embeddable":true,"href":"https:\/\/www.giurgiuveanul.ro\/stiri\/wp-json\/wp\/v2\/users\/2"}],"replies":[{"embeddable":true,"href":"https:\/\/www.giurgiuveanul.ro\/stiri\/wp-json\/wp\/v2\/comments?post=38480"}],"version-history":[{"count":0,"href":"https:\/\/www.giurgiuveanul.ro\/stiri\/wp-json\/wp\/v2\/posts\/38480\/revisions"}],"wp:attachment":[{"href":"https:\/\/www.giurgiuveanul.ro\/stiri\/wp-json\/wp\/v2\/media?parent=38480"}],"wp:term":[{"taxonomy":"category","embeddable":true,"href":"https:\/\/www.giurgiuveanul.ro\/stiri\/wp-json\/wp\/v2\/categories?post=38480"},{"taxonomy":"post_tag","embeddable":true,"href":"https:\/\/www.giurgiuveanul.ro\/stiri\/wp-json\/wp\/v2\/tags?post=38480"}],"curies":[{"name":"wp","href":"https:\/\/api.w.org\/{rel}","templated":true}]}}