{"id":38508,"date":"2017-03-09T15:50:03","date_gmt":"2017-03-09T13:50:03","guid":{"rendered":"https:\/\/www.giurgiuveanul.ro\/stiri\/?p=38508"},"modified":"2017-03-09T15:50:03","modified_gmt":"2017-03-09T13:50:03","slug":"nu-este-pacaleala-gazele-naturale-se-scumpesc-la-1-aprilie","status":"publish","type":"post","link":"https:\/\/www.giurgiuveanul.ro\/stiri\/nu-este-pacaleala-gazele-naturale-se-scumpesc-la-1-aprilie\/","title":{"rendered":"Nu este p\u0103c\u0103leal\u0103: gazele naturale se scumpesc la 1 aprilie!"},"content":{"rendered":"<p style=\"text-align: justify;\"><strong><a href=\"https:\/\/www.giurgiuveanul.ro\/stiri\/wp-content\/uploads\/2017\/03\/flame-871136-1280.jpg\"><img loading=\"lazy\" decoding=\"async\" class=\"aligncenter size-large wp-image-38509\" src=\"https:\/\/www.giurgiuveanul.ro\/stiri\/wp-content\/uploads\/2017\/03\/flame-871136-1280-560x373.jpg\" alt=\"flame-871136-1280\" width=\"560\" height=\"373\" srcset=\"https:\/\/www.giurgiuveanul.ro\/stiri\/wp-content\/uploads\/2017\/03\/flame-871136-1280-560x373.jpg 560w, https:\/\/www.giurgiuveanul.ro\/stiri\/wp-content\/uploads\/2017\/03\/flame-871136-1280-250x167.jpg 250w, https:\/\/www.giurgiuveanul.ro\/stiri\/wp-content\/uploads\/2017\/03\/flame-871136-1280-400x266.jpg 400w, https:\/\/www.giurgiuveanul.ro\/stiri\/wp-content\/uploads\/2017\/03\/flame-871136-1280.jpg 770w\" sizes=\"auto, (max-width: 560px) 100vw, 560px\" \/><\/a>Autoritatea Na\u021bional\u0103 \u00een domeniul Energiei estimeaz\u0103 c\u0103 de la 1 aprilie pre\u021bul gazelor naturale se va m\u0103ri cu<!--more--> 5-6%.<\/strong><\/p>\n<p style=\"text-align: justify;\"><em>&#8222;Odat\u0103 cu finalizarea procesului de liberalizare la 1 aprilie 2017 \u0219i \u00een functie de evolutia pretului la gazele din productia intern\u0103, care ar putea ajunge la 68-72 lei\/MWh fa\u021b\u0103 de 60 lei\/MWh c\u00e2t este \u00een prezent, va avea loc o modificare de pre\u021b cu aplicabilitate de la acea dat\u0103 de sub 10%, estimarea noastr\u0103 la acest moment fiind de 5-6 %. Consumatorii casnici finali nu vor resim\u021bi \u00een facturi un impact consistent \u00eentruc\u00e2t, \u00een perioada verii \u0219i p\u00e2n\u0103 aproape de sf\u00e2r\u0219itul lunii noiembrie, consumul de gaze este unul foarte sc\u0103zut. Consumatorul casnic are un co\u0219 de consum, cu gaze de produc\u021bie intern\u0103, gaze din depozite \u00een timpul iernii \u0219i gaze de import iar dac\u0103 acest co\u0219 va fi structurat \u00een a\u0219a fel \u00eenc\u00e2t s\u0103 avem cel mai mic pre\u021b, acest lucru nu poate fi dec\u00e2t \u00een favoarea consumatorului casnic&#8221;,<\/em> se arat\u0103 \u00eentr-un comunicat al ANRE.<\/p>\n<p style=\"text-align: justify;\">Autoritatea a anun\u021bat cu acest prilej c\u0103 pre\u021burile la energia electric\u0103 r\u0103m\u00e2n nemodificte.<\/p>\n<p style=\"text-align: justify;\"><em>&#8222;\u00cen privin\u021ba tarifelor la energia electric\u0103 aplicabile de la 1 iulie, odat\u0103 cu trecerea \u00eentr-o nou\u0103 etap\u0103 de de reglementare, nu estim\u0103m o cre\u0219tere a acestora, av\u00e2nd \u00een vedere c\u0103 urmeaz\u0103 o perioada a anului caracterizat\u0103 de un nivel crescut de hidraulicitate, care va induce o reducere a pre\u021bului energiei electrice pe pia\u021b\u0103 de natur\u0103 s\u0103 echilibreze pre\u021burile mari \u00eent\u00e2lnite \u00een luna ianuarie, luna dificil\u0103 pentru sectorul de producere&#8221;,<\/em> se mai spune \u00een comunicat.<\/p>\n","protected":false},"excerpt":{"rendered":"<p>Autoritatea Na\u021bional\u0103 \u00een domeniul Energiei estimeaz\u0103 c\u0103 de la 1 aprilie pre\u021bul gazelor naturale se va m\u0103ri cu<\/p>\n","protected":false},"author":2,"featured_media":0,"comment_status":"open","ping_status":"open","sticky":false,"template":"","format":"standard","meta":{"footnotes":""},"categories":[8],"tags":[],"class_list":["post-38508","post","type-post","status-publish","format-standard","hentry","category-alert-news"],"_links":{"self":[{"href":"https:\/\/www.giurgiuveanul.ro\/stiri\/wp-json\/wp\/v2\/posts\/38508","targetHints":{"allow":["GET"]}}],"collection":[{"href":"https:\/\/www.giurgiuveanul.ro\/stiri\/wp-json\/wp\/v2\/posts"}],"about":[{"href":"https:\/\/www.giurgiuveanul.ro\/stiri\/wp-json\/wp\/v2\/types\/post"}],"author":[{"embeddable":true,"href":"https:\/\/www.giurgiuveanul.ro\/stiri\/wp-json\/wp\/v2\/users\/2"}],"replies":[{"embeddable":true,"href":"https:\/\/www.giurgiuveanul.ro\/stiri\/wp-json\/wp\/v2\/comments?post=38508"}],"version-history":[{"count":0,"href":"https:\/\/www.giurgiuveanul.ro\/stiri\/wp-json\/wp\/v2\/posts\/38508\/revisions"}],"wp:attachment":[{"href":"https:\/\/www.giurgiuveanul.ro\/stiri\/wp-json\/wp\/v2\/media?parent=38508"}],"wp:term":[{"taxonomy":"category","embeddable":true,"href":"https:\/\/www.giurgiuveanul.ro\/stiri\/wp-json\/wp\/v2\/categories?post=38508"},{"taxonomy":"post_tag","embeddable":true,"href":"https:\/\/www.giurgiuveanul.ro\/stiri\/wp-json\/wp\/v2\/tags?post=38508"}],"curies":[{"name":"wp","href":"https:\/\/api.w.org\/{rel}","templated":true}]}}