{"id":38538,"date":"2017-03-10T11:01:47","date_gmt":"2017-03-10T09:01:47","guid":{"rendered":"https:\/\/www.giurgiuveanul.ro\/stiri\/?p=38538"},"modified":"2017-03-10T11:01:47","modified_gmt":"2017-03-10T09:01:47","slug":"ce-echipaje-de-politie-pot-aplica-amenzi-de-circulatie","status":"publish","type":"post","link":"https:\/\/www.giurgiuveanul.ro\/stiri\/ce-echipaje-de-politie-pot-aplica-amenzi-de-circulatie\/","title":{"rendered":"Ce echipaje de Poli\u0163ie pot aplica amenzi de circula\u0163ie!"},"content":{"rendered":"<p style=\"text-align: justify;\"><strong><a href=\"https:\/\/www.giurgiuveanul.ro\/stiri\/wp-content\/uploads\/2017\/03\/IMG_08261.jpg\"><img loading=\"lazy\" decoding=\"async\" class=\"aligncenter size-large wp-image-38539\" src=\"https:\/\/www.giurgiuveanul.ro\/stiri\/wp-content\/uploads\/2017\/03\/IMG_08261-560x428.jpg\" alt=\"IMG_0826\" width=\"560\" height=\"428\" srcset=\"https:\/\/www.giurgiuveanul.ro\/stiri\/wp-content\/uploads\/2017\/03\/IMG_08261-560x428.jpg 560w, https:\/\/www.giurgiuveanul.ro\/stiri\/wp-content\/uploads\/2017\/03\/IMG_08261-250x191.jpg 250w, https:\/\/www.giurgiuveanul.ro\/stiri\/wp-content\/uploads\/2017\/03\/IMG_08261-400x306.jpg 400w, https:\/\/www.giurgiuveanul.ro\/stiri\/wp-content\/uploads\/2017\/03\/IMG_08261.jpg 800w\" sizes=\"auto, (max-width: 560px) 100vw, 560px\" \/><\/a>\u00cen luna ianuarie anul curent s-a stabilit <!--more-->ce echipaj poate aplica o sanc\u021biune \u00een cazul \u00een care un \u0219ofer este prins rul\u00e2nd cu vitez\u0103, iar \u00ceCCJ a stabilit c\u0103 ambele, \u0219i cel car filmeaz\u0103 cu aparatul radar \u0219i cel care opre\u0219te vehiculul. Ulterior, pe data de 8 martie, decizia a fost publicat\u0103 \u00een Monitorul Oficial.<\/strong><\/p>\n<p style=\"text-align: justify;\">Este vorba despre problema expus\u0103 de un avocat din Cara\u015f Severin, care a precizat c\u0103 un \u015fofer nu poate fi sanc\u0163ionat de un om al legii care nu a v\u0103zut cu ochii lui ce s-a \u00eent\u00e2mplat.<\/p>\n<p style=\"text-align: justify;\">Astfel, pe 30 ianuarie anul curent, magistra\u0163ii de la \u00cenalta Curte de Casa\u0163ie \u015fi Justi\u0163ie au decis: <em>&#8222;\u00cen interpretarea \u015fi aplicarea dispozi\u0163iilor art. 109 din Ordonan\u0163a de urgen\u0163\u0103 a Guvernului nr. 195\/2002 privind circula\u0163ia pe drumurile publice, republicat\u0103, cu modific\u0103rile \u015fi complet\u0103rile ulterioare, art. 180 \u015fi art. 181 din Regulamentul de aplicare a Ordonan\u0163ei de urgen\u0163\u0103 a Guvernului nr.195\/2002, aprobat prin Hot\u0103r\u00e2rea Guvernului nr. 1391\/2006, cu modific\u0103rile \u015fi complet\u0103rile ulterioare, coroborate cu art. 15 \u015fi art. 21 din Ordonan\u0163a Guvernului nr. 2\/2001 privind regimul juridic al contraven\u0163iilor, aprobat\u0103 cu modific\u0103ri \u015fi complet\u0103ri prin Legea nr. 180\/2002, cu modific\u0103rile \u015fi complet\u0103rile ulterioare, poli\u0163istul rutier poate \u00eencheia procesul-verbal de constatare \u015fi sanc\u0163ionare a contraven\u0163iei pe baza informa\u0163iilor comunicate prin radio de c\u0103tre operatorul radar, aflat \u00een alt loc dec\u00e2t acela \u00een care se afla poli\u0163istul rutier\u201d,<\/em> potrivit minutei judec\u0103tore\u015fti.<\/p>\n<p style=\"text-align: justify;\">Prin urmare, da!, \u015fi poli\u0163istul care nu vede filmare \u015fi doar prime\u015fte informa\u0163ii prin sta\u0163ie poate aplica sanc\u0163iuni. Ulterior, pe 8 martie anul curent, decizia a fost publicat\u0103 \u00een Monitorul Oficial.<\/p>\n","protected":false},"excerpt":{"rendered":"<p>\u00cen luna ianuarie anul curent s-a stabilit<\/p>\n","protected":false},"author":2,"featured_media":0,"comment_status":"open","ping_status":"open","sticky":false,"template":"","format":"standard","meta":{"footnotes":""},"categories":[8],"tags":[],"class_list":["post-38538","post","type-post","status-publish","format-standard","hentry","category-alert-news"],"_links":{"self":[{"href":"https:\/\/www.giurgiuveanul.ro\/stiri\/wp-json\/wp\/v2\/posts\/38538","targetHints":{"allow":["GET"]}}],"collection":[{"href":"https:\/\/www.giurgiuveanul.ro\/stiri\/wp-json\/wp\/v2\/posts"}],"about":[{"href":"https:\/\/www.giurgiuveanul.ro\/stiri\/wp-json\/wp\/v2\/types\/post"}],"author":[{"embeddable":true,"href":"https:\/\/www.giurgiuveanul.ro\/stiri\/wp-json\/wp\/v2\/users\/2"}],"replies":[{"embeddable":true,"href":"https:\/\/www.giurgiuveanul.ro\/stiri\/wp-json\/wp\/v2\/comments?post=38538"}],"version-history":[{"count":0,"href":"https:\/\/www.giurgiuveanul.ro\/stiri\/wp-json\/wp\/v2\/posts\/38538\/revisions"}],"wp:attachment":[{"href":"https:\/\/www.giurgiuveanul.ro\/stiri\/wp-json\/wp\/v2\/media?parent=38538"}],"wp:term":[{"taxonomy":"category","embeddable":true,"href":"https:\/\/www.giurgiuveanul.ro\/stiri\/wp-json\/wp\/v2\/categories?post=38538"},{"taxonomy":"post_tag","embeddable":true,"href":"https:\/\/www.giurgiuveanul.ro\/stiri\/wp-json\/wp\/v2\/tags?post=38538"}],"curies":[{"name":"wp","href":"https:\/\/api.w.org\/{rel}","templated":true}]}}