{"id":38551,"date":"2017-03-10T16:10:05","date_gmt":"2017-03-10T14:10:05","guid":{"rendered":"https:\/\/www.giurgiuveanul.ro\/stiri\/?p=38551"},"modified":"2017-03-10T16:23:05","modified_gmt":"2017-03-10T14:23:05","slug":"neadaptarea-vitezei-cauza-unui-nou-accident-rutier","status":"publish","type":"post","link":"https:\/\/www.giurgiuveanul.ro\/stiri\/neadaptarea-vitezei-cauza-unui-nou-accident-rutier\/","title":{"rendered":"Neadaptarea vitezei, cauza unui nou accident rutier!"},"content":{"rendered":"<p style=\"text-align: justify;\"><a href=\"https:\/\/www.giurgiuveanul.ro\/stiri\/wp-content\/uploads\/2017\/03\/IMG_0006.jpg\"><img loading=\"lazy\" decoding=\"async\" class=\"aligncenter size-large wp-image-38552\" src=\"https:\/\/www.giurgiuveanul.ro\/stiri\/wp-content\/uploads\/2017\/03\/IMG_0006-556x450.jpg\" alt=\"IMG_0006\" width=\"556\" height=\"450\" srcset=\"https:\/\/www.giurgiuveanul.ro\/stiri\/wp-content\/uploads\/2017\/03\/IMG_0006-556x450.jpg 556w, https:\/\/www.giurgiuveanul.ro\/stiri\/wp-content\/uploads\/2017\/03\/IMG_0006-250x202.jpg 250w, https:\/\/www.giurgiuveanul.ro\/stiri\/wp-content\/uploads\/2017\/03\/IMG_0006-400x324.jpg 400w, https:\/\/www.giurgiuveanul.ro\/stiri\/wp-content\/uploads\/2017\/03\/IMG_0006.jpg 800w\" sizes=\"auto, (max-width: 556px) 100vw, 556px\" \/><\/a>Un b\u0103rbat, de 62 de ani, <!--more-->D.M, din Bucure\u0219ti, \u00een timp ce conducea autoturismul pe Drumul Comunal 81, \u00een afara localit\u0103\u021bii V\u00e2n\u0103torii Mari, nu a adaptat viteza \u00eentr-o curb\u0103 la st\u00e2nga, a pierdut controlul direc\u021biei de mers si s-a r\u0103sturnat pe partea dreapta a drumului.<\/p>\n<p style=\"text-align: justify;\">Din accident a rezultat r\u0103nirea u\u0219oar\u0103 a ocupantului locului din dreapta fa\u021b\u0103 al autoturismului, un b\u0103rbat de 55 ani din comuna V\u00e2n\u0103torii Mici, care a primit \u00eengrijiri medicale de la echipajul de pe ambulan\u021b\u0103, refuz\u00e2nd transportul la o unitate medical\u0103.<\/p>\n<p style=\"text-align: justify;\">Conduc\u0103torul auto a refuzat testarea cu aparatul etilo-test si i s-au recoltat probe biologice de s\u00e2nge in vederea stabilirii alcoolemiei.<\/p>\n<p style=\"text-align: justify;\">Poli\u021bi\u0219tii Forma\u021biunii Rutiere Bolintin Vale au deschis dosar penal pentru comiterea infrac\u021biunii de v\u0103t\u0103mare din culp\u0103.<\/p>\n","protected":false},"excerpt":{"rendered":"<p>Un b\u0103rbat, de 62 de ani,<\/p>\n","protected":false},"author":2,"featured_media":0,"comment_status":"open","ping_status":"open","sticky":false,"template":"","format":"standard","meta":{"footnotes":""},"categories":[8],"tags":[],"class_list":["post-38551","post","type-post","status-publish","format-standard","hentry","category-alert-news"],"_links":{"self":[{"href":"https:\/\/www.giurgiuveanul.ro\/stiri\/wp-json\/wp\/v2\/posts\/38551","targetHints":{"allow":["GET"]}}],"collection":[{"href":"https:\/\/www.giurgiuveanul.ro\/stiri\/wp-json\/wp\/v2\/posts"}],"about":[{"href":"https:\/\/www.giurgiuveanul.ro\/stiri\/wp-json\/wp\/v2\/types\/post"}],"author":[{"embeddable":true,"href":"https:\/\/www.giurgiuveanul.ro\/stiri\/wp-json\/wp\/v2\/users\/2"}],"replies":[{"embeddable":true,"href":"https:\/\/www.giurgiuveanul.ro\/stiri\/wp-json\/wp\/v2\/comments?post=38551"}],"version-history":[{"count":0,"href":"https:\/\/www.giurgiuveanul.ro\/stiri\/wp-json\/wp\/v2\/posts\/38551\/revisions"}],"wp:attachment":[{"href":"https:\/\/www.giurgiuveanul.ro\/stiri\/wp-json\/wp\/v2\/media?parent=38551"}],"wp:term":[{"taxonomy":"category","embeddable":true,"href":"https:\/\/www.giurgiuveanul.ro\/stiri\/wp-json\/wp\/v2\/categories?post=38551"},{"taxonomy":"post_tag","embeddable":true,"href":"https:\/\/www.giurgiuveanul.ro\/stiri\/wp-json\/wp\/v2\/tags?post=38551"}],"curies":[{"name":"wp","href":"https:\/\/api.w.org\/{rel}","templated":true}]}}