{"id":38600,"date":"2017-03-12T16:01:29","date_gmt":"2017-03-12T14:01:29","guid":{"rendered":"https:\/\/www.giurgiuveanul.ro\/stiri\/?p=38600"},"modified":"2017-03-12T16:01:29","modified_gmt":"2017-03-12T14:01:29","slug":"ecouri","status":"publish","type":"post","link":"https:\/\/www.giurgiuveanul.ro\/stiri\/ecouri\/","title":{"rendered":"Ecouri"},"content":{"rendered":"<p style=\"text-align: justify;\"><a href=\"https:\/\/www.giurgiuveanul.ro\/stiri\/wp-content\/uploads\/2017\/03\/morometii_2015120913.jpg\"><img loading=\"lazy\" decoding=\"async\" class=\"aligncenter size-large wp-image-38601\" src=\"https:\/\/www.giurgiuveanul.ro\/stiri\/wp-content\/uploads\/2017\/03\/morometii_2015120913-560x381.jpg\" alt=\"morometii_2015120913\" width=\"560\" height=\"381\" srcset=\"https:\/\/www.giurgiuveanul.ro\/stiri\/wp-content\/uploads\/2017\/03\/morometii_2015120913-560x381.jpg 560w, https:\/\/www.giurgiuveanul.ro\/stiri\/wp-content\/uploads\/2017\/03\/morometii_2015120913-250x170.jpg 250w, https:\/\/www.giurgiuveanul.ro\/stiri\/wp-content\/uploads\/2017\/03\/morometii_2015120913-400x272.jpg 400w, https:\/\/www.giurgiuveanul.ro\/stiri\/wp-content\/uploads\/2017\/03\/morometii_2015120913.jpg 800w\" sizes=\"auto, (max-width: 560px) 100vw, 560px\" \/><\/a>Am asistat, \u015fi \u00eenc\u0103 nu s-au terminat, la multe dezbateri la mai toate posturile de radio \u015fi\u00a0 televiziune, \u00een leg\u0103tur\u0103 cu <!--more-->un subiect dat elevilor dintr-un jude\u0163 la Olimpiada de limba \u015fi literature rom\u00e2n\u0103, faza jude\u0163ean\u0103.<\/p>\n<p style=\"text-align: justify;\">O p\u0103rere \u00een plus, un <em>punct de vedere<\/em>, cum ar zice personajul \u00een jurul c\u0103ruia s-a iscat scandalul, nu stric\u0103.<\/p>\n<p style=\"text-align: justify;\">Nu cred c\u0103 profesorii au gre\u015fit c\u00e2nd au formulat un asemenea subiect! Scandalul, dac\u0103 poate fi numit a\u015fa, este un scandal\u00a0 DE PRES\u0102! Elevii nu l-au perceput\u00a0 ca un denun\u0163, ci\u00a0 ca un REFERAT, ca o compunere \u00een care trebuia s\u0103-\u015fi\u00a0 dovedeasc\u0103 abilitatea cre\u0103rii unui text in STIL ADMINISTRATIV!\u00a0 Unii dintre ei au \u015fi reu\u015fit! Pretindem c\u0103 \u015fcoala trebuie s\u0103-l inve\u0163e pe elev pentru via\u0163\u0103, dar facem spectacol mediatic pe marginea unui demers pedagogic\u00a0 corect \u015fi \u00een spiritul programei \u015fcolare.<\/p>\n<p style=\"text-align: justify;\">Dac\u0103 \u00a0Ilie Moromete, despre el e vorba, i-ar fi \u00eent\u00e2lnit la fier\u0103ria lui Iocan pe mul\u0163i dintre cei care tot discut\u0103 despre denun\u0163,\u00a0 le-ar fi atras aten\u0163ia s\u0103 nu confunde opera literar\u0103 cu relitatea de la care a fost inspirat\u0103.<\/p>\n<p style=\"text-align: justify;\">Le-ar fi amintit, probabil c\u0103\u00a0 Nu pentru \u015fcoal\u0103, ci pentru via\u0163\u0103 \u00eenv\u0103\u0163\u0103m \u2013 Non scholae vitae discitum*-<em>Aceast\u0103 \u00een\u0163eleapt\u0103 vorb\u0103 rezum\u0103 un pasaj din epistola 106 a lui Seneca cel T\u00e2n\u0103r. Se folose\u015fte pentru a atrage aten\u0163ia c\u0103 \u00eenv\u0103\u0163\u0103tura este o arm\u0103 pentru via\u0163\u0103.<\/em><\/p>\n<p style=\"text-align: justify;\">I-ar mai fi \u00eentrebat , uit\u00e2ndu-se complice la \u0162ugurlan sau la Coco\u015fil\u0103,\u00a0 &#8230;<em>\u015fi de ce zici tu, Coco\u015fil\u0103, c\u0103 Nil\u0103 al meu n-ar trebui s\u0103 \u00eenve\u0163e cum se face un denun\u0163? Cine se teme de denun\u0163? <\/em><\/p>\n<p style=\"text-align: center;\"><span style=\"text-decoration: underline;\">\u00a0<\/span><\/p>\n<p style=\"text-align: justify;\">*Am avut lucrarea pentru Gradul I : COMPUNEREA \u015eCOLAR\u0102 &#8211; TIPOLOGIE. METODOLOGIE, EVALUARE<\/p>\n<p style=\"text-align: justify;\">Intr-una dintre concluziile lucr\u0103rii scriam:<em> Prin compunere, \u00eenv\u0103\u0163\u00e2nd elevii s\u0103 g\u00e2ndeasc\u0103 sistematic dup\u0103 un plan, \u00eenv\u0103\u0163\u00e2ndu-i s\u0103-\u015fi motiveze conving\u0103tor ideile,\u00a0 cultiv\u0103ndu-le un stil clar, limpede \u015fi corect, ii preg\u0103tim pentru via\u0163\u0103<\/em>.<\/p>\n<p style=\"text-align: justify;\">\u00a0Acest lucru, in anul 1978,<\/p>\n<p style=\"text-align: justify;\">Ast\u0103zi, cu at\u00e2t mai mult!<\/p>\n<p style=\"text-align: justify;\">Gh.C.<\/p>\n<p style=\"text-align: justify;\">Not\u0103: Imagine luat\u0103 de pe internet. Moromete , citind ziarul. Poate chiar un\u00a0 denun\u0163!<\/p>\n","protected":false},"excerpt":{"rendered":"<p>Am asistat, \u015fi \u00eenc\u0103 nu s-au terminat, la multe dezbateri la mai toate posturile de radio \u015fi\u00a0 televiziune, \u00een leg\u0103tur\u0103 cu<\/p>\n","protected":false},"author":2,"featured_media":0,"comment_status":"open","ping_status":"open","sticky":false,"template":"","format":"standard","meta":{"footnotes":""},"categories":[21],"tags":[],"class_list":["post-38600","post","type-post","status-publish","format-standard","hentry","category-opinia-mea"],"_links":{"self":[{"href":"https:\/\/www.giurgiuveanul.ro\/stiri\/wp-json\/wp\/v2\/posts\/38600","targetHints":{"allow":["GET"]}}],"collection":[{"href":"https:\/\/www.giurgiuveanul.ro\/stiri\/wp-json\/wp\/v2\/posts"}],"about":[{"href":"https:\/\/www.giurgiuveanul.ro\/stiri\/wp-json\/wp\/v2\/types\/post"}],"author":[{"embeddable":true,"href":"https:\/\/www.giurgiuveanul.ro\/stiri\/wp-json\/wp\/v2\/users\/2"}],"replies":[{"embeddable":true,"href":"https:\/\/www.giurgiuveanul.ro\/stiri\/wp-json\/wp\/v2\/comments?post=38600"}],"version-history":[{"count":0,"href":"https:\/\/www.giurgiuveanul.ro\/stiri\/wp-json\/wp\/v2\/posts\/38600\/revisions"}],"wp:attachment":[{"href":"https:\/\/www.giurgiuveanul.ro\/stiri\/wp-json\/wp\/v2\/media?parent=38600"}],"wp:term":[{"taxonomy":"category","embeddable":true,"href":"https:\/\/www.giurgiuveanul.ro\/stiri\/wp-json\/wp\/v2\/categories?post=38600"},{"taxonomy":"post_tag","embeddable":true,"href":"https:\/\/www.giurgiuveanul.ro\/stiri\/wp-json\/wp\/v2\/tags?post=38600"}],"curies":[{"name":"wp","href":"https:\/\/api.w.org\/{rel}","templated":true}]}}