{"id":387,"date":"2012-11-03T17:49:17","date_gmt":"2012-11-03T15:49:17","guid":{"rendered":"https:\/\/www.giurgiuveanul.ro\/stiri\/?p=387"},"modified":"2012-11-03T17:49:39","modified_gmt":"2012-11-03T15:49:39","slug":"la-multi-ani-domnule-primar-mihai-dobre","status":"publish","type":"post","link":"https:\/\/www.giurgiuveanul.ro\/stiri\/la-multi-ani-domnule-primar-mihai-dobre\/","title":{"rendered":"La mul\u0163i ani, domnule primar Mihai Dobre!"},"content":{"rendered":"<p style=\"text-align: justify;\"><strong><a href=\"https:\/\/www.giurgiuveanul.ro\/stiri\/wp-content\/uploads\/2012\/11\/Mihai-Dobre.jpg\"><img loading=\"lazy\" decoding=\"async\" class=\"aligncenter size-large wp-image-388\" title=\"Mihai Dobre\" src=\"https:\/\/www.giurgiuveanul.ro\/stiri\/wp-content\/uploads\/2012\/11\/Mihai-Dobre-560x355.jpg\" alt=\"\" width=\"560\" height=\"355\" srcset=\"https:\/\/www.giurgiuveanul.ro\/stiri\/wp-content\/uploads\/2012\/11\/Mihai-Dobre-560x355.jpg 560w, https:\/\/www.giurgiuveanul.ro\/stiri\/wp-content\/uploads\/2012\/11\/Mihai-Dobre-250x158.jpg 250w, https:\/\/www.giurgiuveanul.ro\/stiri\/wp-content\/uploads\/2012\/11\/Mihai-Dobre.jpg 800w\" sizes=\"auto, (max-width: 560px) 100vw, 560px\" \/><\/a><\/strong><\/p>\n<p style=\"text-align: justify;\"><strong>Ziua de na\u015ftere a oric\u0103rei persoane reprezint\u0103 prilej de bucurie pentru familie, prieteni, apropia\u0163i. \u00a0Ast\u0103zi un ora\u015f \u00eentreg \u00eel felicit\u0103 pe cel ales s\u0103 le conduc\u0103 destinele. Pentru c\u0103 este un om om special pentru majoritatea locuitorilor micu\u0163ei urbe giurgiuvene \u015fi nu doar pentru ei, merit\u0103 din plin cele mai alese g\u00e2nduri din partea tuturor. Ne referim la primarul ora\u015fului Mih\u0103ile\u015fti c\u0103ruia locuitorii \u00eei transmit cele mai frumoase ur\u0103ri de bine, s\u0103n\u0103tate \u015fi foarte multe bucurii al\u0103turi de to\u0163i cei dragi.\u00a0<!--more--><\/strong><\/p>\n<p style=\"text-align: justify;\">\u015ei noi, redac\u0163ia cotidianului GIURGIUVEANUL, \u00eei ur\u0103m primarului Mihai Dobre s\u0103 aib\u0103 parte de cele mai minunate bucurii, \u00eempliniri \u015fi reu\u015fite \u00een tot ceea ce-\u015fi propune, putere de munc\u0103, s\u0103 fie s\u0103n\u0103tos \u015fi mul\u0163i ani foarte, foarte ferici\u0163i al\u0103turi de cei dragi!<\/p>\n<p style=\"text-align: justify;\">La mul\u0163i ani, domnule primar Mihai Dobre!<\/p>\n","protected":false},"excerpt":{"rendered":"<p>Ziua de na\u015ftere a oric\u0103rei persoane reprezint\u0103 prilej de bucurie pentru familie, prieteni, apropia\u0163i. \u00a0Ast\u0103zi un ora\u015f \u00eentreg \u00eel felicit\u0103 pe cel ales s\u0103 le conduc\u0103 destinele. Pentru c\u0103 este un om om special pentru majoritatea locuitorilor micu\u0163ei urbe giurgiuvene \u015fi nu doar pentru ei, merit\u0103 din plin cele mai alese g\u00e2nduri din partea tuturor. [&hellip;]<\/p>\n","protected":false},"author":2,"featured_media":0,"comment_status":"open","ping_status":"open","sticky":false,"template":"","format":"standard","meta":{"footnotes":""},"categories":[16],"tags":[],"class_list":["post-387","post","type-post","status-publish","format-standard","hentry","category-astazi-e-ziua-ta"],"_links":{"self":[{"href":"https:\/\/www.giurgiuveanul.ro\/stiri\/wp-json\/wp\/v2\/posts\/387","targetHints":{"allow":["GET"]}}],"collection":[{"href":"https:\/\/www.giurgiuveanul.ro\/stiri\/wp-json\/wp\/v2\/posts"}],"about":[{"href":"https:\/\/www.giurgiuveanul.ro\/stiri\/wp-json\/wp\/v2\/types\/post"}],"author":[{"embeddable":true,"href":"https:\/\/www.giurgiuveanul.ro\/stiri\/wp-json\/wp\/v2\/users\/2"}],"replies":[{"embeddable":true,"href":"https:\/\/www.giurgiuveanul.ro\/stiri\/wp-json\/wp\/v2\/comments?post=387"}],"version-history":[{"count":0,"href":"https:\/\/www.giurgiuveanul.ro\/stiri\/wp-json\/wp\/v2\/posts\/387\/revisions"}],"wp:attachment":[{"href":"https:\/\/www.giurgiuveanul.ro\/stiri\/wp-json\/wp\/v2\/media?parent=387"}],"wp:term":[{"taxonomy":"category","embeddable":true,"href":"https:\/\/www.giurgiuveanul.ro\/stiri\/wp-json\/wp\/v2\/categories?post=387"},{"taxonomy":"post_tag","embeddable":true,"href":"https:\/\/www.giurgiuveanul.ro\/stiri\/wp-json\/wp\/v2\/tags?post=387"}],"curies":[{"name":"wp","href":"https:\/\/api.w.org\/{rel}","templated":true}]}}