{"id":38963,"date":"2017-03-27T09:43:02","date_gmt":"2017-03-27T06:43:02","guid":{"rendered":"https:\/\/www.giurgiuveanul.ro\/stiri\/?p=38963"},"modified":"2017-03-27T09:55:57","modified_gmt":"2017-03-27T06:55:57","slug":"la-multi-ani-domnule-primar-marian-patuleanu-3","status":"publish","type":"post","link":"https:\/\/www.giurgiuveanul.ro\/stiri\/la-multi-ani-domnule-primar-marian-patuleanu-3\/","title":{"rendered":"La Mul\u0163i Ani, domnule primar Marian P\u0103tuleanu!"},"content":{"rendered":"<p style=\"text-align: justify;\"><a href=\"https:\/\/www.giurgiuveanul.ro\/stiri\/wp-content\/uploads\/2017\/03\/Marian-Patuleanu-2.jpg\"><img loading=\"lazy\" decoding=\"async\" class=\"aligncenter size-large wp-image-38964\" src=\"https:\/\/www.giurgiuveanul.ro\/stiri\/wp-content\/uploads\/2017\/03\/Marian-Patuleanu-2-519x450.jpg\" alt=\"Marian-Patuleanu-2\" width=\"519\" height=\"450\" srcset=\"https:\/\/www.giurgiuveanul.ro\/stiri\/wp-content\/uploads\/2017\/03\/Marian-Patuleanu-2-519x450.jpg 519w, https:\/\/www.giurgiuveanul.ro\/stiri\/wp-content\/uploads\/2017\/03\/Marian-Patuleanu-2-250x217.jpg 250w, https:\/\/www.giurgiuveanul.ro\/stiri\/wp-content\/uploads\/2017\/03\/Marian-Patuleanu-2-400x347.jpg 400w, https:\/\/www.giurgiuveanul.ro\/stiri\/wp-content\/uploads\/2017\/03\/Marian-Patuleanu-2.jpg 800w\" sizes=\"auto, (max-width: 519px) 100vw, 519px\" \/><\/a><strong>Marian P\u0103tuleanu,<\/strong> edilul-\u015fef al comunei Singureni, <!--more-->onoreaz\u0103 func\u0163ia \u00een care a fost \u00eenvestit de concet\u0103\u0163enii s\u0103i cu str\u0103lucire, cu multe \u00eenf\u0103ptuiri \u00een domeniul edilitar-gospod\u0103resc care vor d\u0103inui \u00eenc\u0103 mul\u0163i ani de-acum \u00eenainte.<\/p>\n<p style=\"text-align: justify;\">Munca \u00een folosul comunit\u0103\u0163ii prestat\u0103 cu competen\u0163\u0103, pasiune, d\u0103ruire \u015fi dragoste fa\u0163\u0103 de concet\u0103\u0163enii v-a conferit, domnule primar, satisfac\u0163ii care nu vor fi uitate u\u015for \u015fi nici trecute cu vederea de majoritatea locuitorilor comunei Singureni care v\u0103 respect\u0103 \u015fi admir\u0103, totodat\u0103.<\/p>\n<p style=\"text-align: justify;\">Ast\u0103zi, la \u00eemplinirea frumoasei v\u00e2rste de 47 de ani, cotidianul \u201eGiurgiuveanul\u201d v\u0103 ureaz\u0103 mult\u0103 s\u0103n\u0103tate, \u00eemplinirea tuturor dorin\u0163elor, multe realiz\u0103ri, o via\u0163\u0103 c\u00e2t mai \u00eemplinit\u0103 \u015fi un sincer \u201eLa Mul\u0163i Ani!\u201d.<\/p>\n<p style=\"text-align: justify;\"><em>Sincere felicit\u0103ri cu ocazia zilei de na\u015ftere!<\/em><\/p>\n<p style=\"text-align: justify;\">Fie ca soarele s\u0103 v\u0103 ofere c\u0103ldur\u0103 \u015fi lumin\u0103, ploaia curat\u0103 \u2013 lini\u015fte sufleteasc\u0103, z\u00e2mbetul oamenilor \u2013 \u00eencredere \u00een sine, zilele anului \u2013 prieteni, visele de azi s\u0103 devin\u0103 realitate, speran\u0163ele de m\u00e2ine \u2013 \u00eempliniri, orice c\u0103dere \u2013 un pas \u00eenainte, iar fericirea s\u0103 v\u0103 \u00eenso\u0163easc\u0103 mereu.<\/p>\n<p style=\"text-align: center;\"><strong>La Mul\u0163i Ani, domnule primar Marian P\u0103tuleanu!<\/strong><\/p>\n<p style=\"text-align: justify;\"><a href=\"https:\/\/www.giurgiuveanul.ro\/stiri\/wp-content\/uploads\/2017\/03\/IMG_4373.jpg\"><img loading=\"lazy\" decoding=\"async\" class=\"aligncenter size-large wp-image-38965\" src=\"https:\/\/www.giurgiuveanul.ro\/stiri\/wp-content\/uploads\/2017\/03\/IMG_4373-560x373.jpg\" alt=\"IMG_4373\" width=\"560\" height=\"373\" srcset=\"https:\/\/www.giurgiuveanul.ro\/stiri\/wp-content\/uploads\/2017\/03\/IMG_4373-560x373.jpg 560w, https:\/\/www.giurgiuveanul.ro\/stiri\/wp-content\/uploads\/2017\/03\/IMG_4373-250x167.jpg 250w, https:\/\/www.giurgiuveanul.ro\/stiri\/wp-content\/uploads\/2017\/03\/IMG_4373-400x267.jpg 400w, https:\/\/www.giurgiuveanul.ro\/stiri\/wp-content\/uploads\/2017\/03\/IMG_4373.jpg 830w\" sizes=\"auto, (max-width: 560px) 100vw, 560px\" \/><\/a><\/p>\n","protected":false},"excerpt":{"rendered":"<p>Marian P\u0103tuleanu, edilul-\u015fef al comunei Singureni,<\/p>\n","protected":false},"author":2,"featured_media":0,"comment_status":"open","ping_status":"open","sticky":false,"template":"","format":"standard","meta":{"footnotes":""},"categories":[16],"tags":[],"class_list":["post-38963","post","type-post","status-publish","format-standard","hentry","category-astazi-e-ziua-ta"],"_links":{"self":[{"href":"https:\/\/www.giurgiuveanul.ro\/stiri\/wp-json\/wp\/v2\/posts\/38963","targetHints":{"allow":["GET"]}}],"collection":[{"href":"https:\/\/www.giurgiuveanul.ro\/stiri\/wp-json\/wp\/v2\/posts"}],"about":[{"href":"https:\/\/www.giurgiuveanul.ro\/stiri\/wp-json\/wp\/v2\/types\/post"}],"author":[{"embeddable":true,"href":"https:\/\/www.giurgiuveanul.ro\/stiri\/wp-json\/wp\/v2\/users\/2"}],"replies":[{"embeddable":true,"href":"https:\/\/www.giurgiuveanul.ro\/stiri\/wp-json\/wp\/v2\/comments?post=38963"}],"version-history":[{"count":0,"href":"https:\/\/www.giurgiuveanul.ro\/stiri\/wp-json\/wp\/v2\/posts\/38963\/revisions"}],"wp:attachment":[{"href":"https:\/\/www.giurgiuveanul.ro\/stiri\/wp-json\/wp\/v2\/media?parent=38963"}],"wp:term":[{"taxonomy":"category","embeddable":true,"href":"https:\/\/www.giurgiuveanul.ro\/stiri\/wp-json\/wp\/v2\/categories?post=38963"},{"taxonomy":"post_tag","embeddable":true,"href":"https:\/\/www.giurgiuveanul.ro\/stiri\/wp-json\/wp\/v2\/tags?post=38963"}],"curies":[{"name":"wp","href":"https:\/\/api.w.org\/{rel}","templated":true}]}}