{"id":39352,"date":"2017-04-09T09:51:54","date_gmt":"2017-04-09T06:51:54","guid":{"rendered":"https:\/\/www.giurgiuveanul.ro\/stiri\/?p=39352"},"modified":"2017-04-09T09:53:44","modified_gmt":"2017-04-09T06:53:44","slug":"la-multi-ani-tuturor-celor-ce-poarta-nume-de-flori-la-multi-ani-floricel-si-viorica-nicolae","status":"publish","type":"post","link":"https:\/\/www.giurgiuveanul.ro\/stiri\/la-multi-ani-tuturor-celor-ce-poarta-nume-de-flori-la-multi-ani-floricel-si-viorica-nicolae\/","title":{"rendered":"La Mul\u0163i Ani, tuturor celor ce poart\u0103 nume de flori! La Mul\u0163i Ani, Floricel \u015fi Viorica Nicolae!"},"content":{"rendered":"<p style=\"text-align: justify;\"><strong><a href=\"https:\/\/www.giurgiuveanul.ro\/stiri\/wp-content\/uploads\/2017\/04\/flori.jpg\"><img loading=\"lazy\" decoding=\"async\" class=\"aligncenter size-large wp-image-39354\" src=\"https:\/\/www.giurgiuveanul.ro\/stiri\/wp-content\/uploads\/2017\/04\/flori-560x382.jpg\" alt=\"flori\" width=\"560\" height=\"382\" srcset=\"https:\/\/www.giurgiuveanul.ro\/stiri\/wp-content\/uploads\/2017\/04\/flori-560x382.jpg 560w, https:\/\/www.giurgiuveanul.ro\/stiri\/wp-content\/uploads\/2017\/04\/flori-250x170.jpg 250w, https:\/\/www.giurgiuveanul.ro\/stiri\/wp-content\/uploads\/2017\/04\/flori-400x273.jpg 400w, https:\/\/www.giurgiuveanul.ro\/stiri\/wp-content\/uploads\/2017\/04\/flori.jpg 659w\" sizes=\"auto, (max-width: 560px) 100vw, 560px\" \/><\/a>Ast\u0103zi sunt Floriile, tradi\u0163ionala s\u0103rb\u0103toare ce are loc anual cu o s\u0103pt\u0103m\u00e2n\u0103 \u00eenainte de Sfintele Pa\u015fti.<\/strong><\/p>\n<p style=\"text-align: justify;\">Cine <!--more-->sunt cei\/cele care trebuie felicita\u0163i ast\u0103zi, c\u0103rora s\u0103 le trimite\u0163i mesaje de felicitare, vezi lista aici: <strong>Anemona, Angela, Angelica,\u00a0 Br\u00e2ndu\u015fa, Camelia, Codrin, Codrina, Codru\u0163, Codru\u0163a, Cr\u0103i\u0163a, Crina, Crin, Crinu, Crinu\u0163a, Crizantema, Daria, Delia, Eugenia, Floarea, Flora, Floren\u0163a, Florentin, Florentina, Florica, Florin, Florina, Floricel, Garofi\u0163a, Garofi\u0163\u0103, Gen\u0163iana, Hortensia, Iris, Iasmin, Iasmina, L\u0103cr\u0103mioara, Laur, Laura, Lauren\u0163iu, Laurian, Lauriana, Lumini\u0163a,\u00a0 M\u0103lin, M\u0103lina, Margareta, Mic\u015funica, Mugurel, Narcis, Narcisa, Ortansa, Panselu\u0163a, Romani\u0163a, Roza, Trandafira, Violeta, Viorel, Viorela, Viorica, Veronica, Zambila \u015fi Zambilica!<\/strong><\/p>\n<p style=\"text-align: justify;\">De Florii, tutror celor care purta\u0163i frumoasele nume de flori, GIURGIUVEANUL v\u0103 ureaz\u0103 s\u0103 ave\u0163i parte de o zi plin\u0103 de bucurii \u015fi \u00eempliniri.<\/p>\n<p style=\"text-align: justify;\">\u00a0<a href=\"https:\/\/www.giurgiuveanul.ro\/stiri\/wp-content\/uploads\/2017\/04\/Vera-si-Floricel-435x400.jpg\"><img loading=\"lazy\" decoding=\"async\" class=\"aligncenter size-full wp-image-39353\" src=\"https:\/\/www.giurgiuveanul.ro\/stiri\/wp-content\/uploads\/2017\/04\/Vera-si-Floricel-435x400.jpg\" alt=\"Vera-si-Floricel-435x400\" width=\"435\" height=\"400\" srcset=\"https:\/\/www.giurgiuveanul.ro\/stiri\/wp-content\/uploads\/2017\/04\/Vera-si-Floricel-435x400.jpg 435w, https:\/\/www.giurgiuveanul.ro\/stiri\/wp-content\/uploads\/2017\/04\/Vera-si-Floricel-435x400-250x230.jpg 250w, https:\/\/www.giurgiuveanul.ro\/stiri\/wp-content\/uploads\/2017\/04\/Vera-si-Floricel-435x400-400x368.jpg 400w\" sizes=\"auto, (max-width: 435px) 100vw, 435px\" \/><\/a><\/p>\n<p style=\"text-align: justify;\">\u015ei pentru c\u0103 veni vorba s\u0103rb\u0103tori\u0163i&#8230; g\u00e2ndurile noastre frumoase se \u00eendreapt\u0103 \u015fi c\u0103tre <strong>Floricel <\/strong>\u015fi<strong> Viorica Nicolae<\/strong>, administratorii grupului de firme Nova Force, le dorim mult\u0103 s\u0103n\u0103tate \u015fi bucurii al\u0103turi de cei dragi lor!<\/p>\n<p style=\"text-align: justify;\">Floriile dateaza inca din veacul apostolic, iar primele mentiuni sigure despre aceasta sarbatoare le avem in jurnalul de calatorie al peregrinei Etheria, la Ierusalim, in secolul III sau IV. Ea descrie felul cum era praznuita acolo aceasta sarbatoare. Credinciosii merg la biserica in Duminica Floriilor.<\/p>\n<p style=\"text-align: justify;\">Incepand de duminica, credinciosii ortodocsi se pregatesc spiritual pentru Inviere, prin post aspru si rugaciuni. Importanta sarbatorii este sporita de faptul ca cei care tin post au dezlegare la peste, adica pot manca peste si bea un pahar de vin. Se spune ca asa cum este vremea de Florii, asa va fi si de Pasti.<\/p>\n","protected":false},"excerpt":{"rendered":"<p>Ast\u0103zi sunt Floriile, tradi\u0163ionala s\u0103rb\u0103toare ce are loc anual cu o s\u0103pt\u0103m\u00e2n\u0103 \u00eenainte de Sfintele Pa\u015fti. Cine<\/p>\n","protected":false},"author":2,"featured_media":0,"comment_status":"open","ping_status":"open","sticky":false,"template":"","format":"standard","meta":{"footnotes":""},"categories":[16],"tags":[],"class_list":["post-39352","post","type-post","status-publish","format-standard","hentry","category-astazi-e-ziua-ta"],"_links":{"self":[{"href":"https:\/\/www.giurgiuveanul.ro\/stiri\/wp-json\/wp\/v2\/posts\/39352","targetHints":{"allow":["GET"]}}],"collection":[{"href":"https:\/\/www.giurgiuveanul.ro\/stiri\/wp-json\/wp\/v2\/posts"}],"about":[{"href":"https:\/\/www.giurgiuveanul.ro\/stiri\/wp-json\/wp\/v2\/types\/post"}],"author":[{"embeddable":true,"href":"https:\/\/www.giurgiuveanul.ro\/stiri\/wp-json\/wp\/v2\/users\/2"}],"replies":[{"embeddable":true,"href":"https:\/\/www.giurgiuveanul.ro\/stiri\/wp-json\/wp\/v2\/comments?post=39352"}],"version-history":[{"count":0,"href":"https:\/\/www.giurgiuveanul.ro\/stiri\/wp-json\/wp\/v2\/posts\/39352\/revisions"}],"wp:attachment":[{"href":"https:\/\/www.giurgiuveanul.ro\/stiri\/wp-json\/wp\/v2\/media?parent=39352"}],"wp:term":[{"taxonomy":"category","embeddable":true,"href":"https:\/\/www.giurgiuveanul.ro\/stiri\/wp-json\/wp\/v2\/categories?post=39352"},{"taxonomy":"post_tag","embeddable":true,"href":"https:\/\/www.giurgiuveanul.ro\/stiri\/wp-json\/wp\/v2\/tags?post=39352"}],"curies":[{"name":"wp","href":"https:\/\/api.w.org\/{rel}","templated":true}]}}