{"id":40093,"date":"2017-05-01T10:31:17","date_gmt":"2017-05-01T07:31:17","guid":{"rendered":"https:\/\/www.giurgiuveanul.ro\/stiri\/?p=40093"},"modified":"2017-05-01T12:39:10","modified_gmt":"2017-05-01T09:39:10","slug":"vasile-arcanu-redactor-sef-giurgiuveanul-sarbatoritul-zilei-la-multi-ani","status":"publish","type":"post","link":"https:\/\/www.giurgiuveanul.ro\/stiri\/vasile-arcanu-redactor-sef-giurgiuveanul-sarbatoritul-zilei-la-multi-ani\/","title":{"rendered":"Vasile Arcanu, redactor-\u015fef \u201eGiurgiuveanul\u201d, s\u0103rb\u0103toritul zilei. La mul\u0163i ani!"},"content":{"rendered":"<p style=\"text-align: justify;\"><a href=\"https:\/\/www.giurgiuveanul.ro\/stiri\/wp-content\/uploads\/2017\/05\/IMG_6538-2.jpg\"><img loading=\"lazy\" decoding=\"async\" class=\"aligncenter size-large wp-image-40094\" src=\"https:\/\/www.giurgiuveanul.ro\/stiri\/wp-content\/uploads\/2017\/05\/IMG_6538-2-560x414.jpg\" alt=\"IMG_6538-2\" width=\"560\" height=\"414\" srcset=\"https:\/\/www.giurgiuveanul.ro\/stiri\/wp-content\/uploads\/2017\/05\/IMG_6538-2-560x414.jpg 560w, https:\/\/www.giurgiuveanul.ro\/stiri\/wp-content\/uploads\/2017\/05\/IMG_6538-2-250x185.jpg 250w, https:\/\/www.giurgiuveanul.ro\/stiri\/wp-content\/uploads\/2017\/05\/IMG_6538-2-400x296.jpg 400w, https:\/\/www.giurgiuveanul.ro\/stiri\/wp-content\/uploads\/2017\/05\/IMG_6538-2.jpg 800w\" sizes=\"auto, (max-width: 560px) 100vw, 560px\" \/><\/a>Ast\u0103zi, colegul nostru, Vasile Arcanu, \u00eempline\u015fte <!--more-->54 de ani. Modul \u00een care realizeaz\u0103 cotidianul \u201eGiurgiuveanul\u201d, cum abordeaz\u0103 subiectele, obiectivitatea \u015fi transparen\u0163a pe care le ofer\u0103 cititorilor online, dar mai ales&#8230; numeroasele fotografii cu care \u00eenc\u00e2nt\u0103 zi de zi&#8230; il fac s\u0103 fie urm\u0103rit \u015fi pl\u0103cut de mul\u0163i.<\/p>\n<p style=\"text-align: justify;\">Cu ocazia s\u0103rb\u0103toririi zilei de na\u015ftere \u00ee\u0163i dorim mult\u0103 s\u0103n\u0103tate, fericire, via\u0163\u0103 lung\u0103, bucurii \u015fi inspira\u0163ie mult\u0103 \u00een tot ceea ce creezi!<\/p>\n<p style=\"text-align: justify;\">Din partea colegilor de la \u201eGiurgiuveanul\u201d, un sincer \u201eLa mul\u0163i ani!\u201d.<\/p>\n","protected":false},"excerpt":{"rendered":"<p>Ast\u0103zi, colegul nostru, Vasile Arcanu, \u00eempline\u015fte<\/p>\n","protected":false},"author":2,"featured_media":0,"comment_status":"open","ping_status":"open","sticky":false,"template":"","format":"standard","meta":{"footnotes":""},"categories":[16],"tags":[],"class_list":["post-40093","post","type-post","status-publish","format-standard","hentry","category-astazi-e-ziua-ta"],"_links":{"self":[{"href":"https:\/\/www.giurgiuveanul.ro\/stiri\/wp-json\/wp\/v2\/posts\/40093","targetHints":{"allow":["GET"]}}],"collection":[{"href":"https:\/\/www.giurgiuveanul.ro\/stiri\/wp-json\/wp\/v2\/posts"}],"about":[{"href":"https:\/\/www.giurgiuveanul.ro\/stiri\/wp-json\/wp\/v2\/types\/post"}],"author":[{"embeddable":true,"href":"https:\/\/www.giurgiuveanul.ro\/stiri\/wp-json\/wp\/v2\/users\/2"}],"replies":[{"embeddable":true,"href":"https:\/\/www.giurgiuveanul.ro\/stiri\/wp-json\/wp\/v2\/comments?post=40093"}],"version-history":[{"count":0,"href":"https:\/\/www.giurgiuveanul.ro\/stiri\/wp-json\/wp\/v2\/posts\/40093\/revisions"}],"wp:attachment":[{"href":"https:\/\/www.giurgiuveanul.ro\/stiri\/wp-json\/wp\/v2\/media?parent=40093"}],"wp:term":[{"taxonomy":"category","embeddable":true,"href":"https:\/\/www.giurgiuveanul.ro\/stiri\/wp-json\/wp\/v2\/categories?post=40093"},{"taxonomy":"post_tag","embeddable":true,"href":"https:\/\/www.giurgiuveanul.ro\/stiri\/wp-json\/wp\/v2\/tags?post=40093"}],"curies":[{"name":"wp","href":"https:\/\/api.w.org\/{rel}","templated":true}]}}