{"id":40573,"date":"2017-05-13T11:42:56","date_gmt":"2017-05-13T08:42:56","guid":{"rendered":"https:\/\/www.giurgiuveanul.ro\/stiri\/?p=40573"},"modified":"2017-05-13T11:42:56","modified_gmt":"2017-05-13T08:42:56","slug":"ganduri-printre-randuri","status":"publish","type":"post","link":"https:\/\/www.giurgiuveanul.ro\/stiri\/ganduri-printre-randuri\/","title":{"rendered":"G\u00e2nduri printre r\u00e2nduri&#8230;"},"content":{"rendered":"<p style=\"text-align: justify;\"><a href=\"https:\/\/www.giurgiuveanul.ro\/stiri\/wp-content\/uploads\/2017\/05\/Neintitulat.png\"><img loading=\"lazy\" decoding=\"async\" class=\"aligncenter size-large wp-image-40574\" src=\"https:\/\/www.giurgiuveanul.ro\/stiri\/wp-content\/uploads\/2017\/05\/Neintitulat-300x450.png\" alt=\"Neintitulat\" width=\"300\" height=\"450\" srcset=\"https:\/\/www.giurgiuveanul.ro\/stiri\/wp-content\/uploads\/2017\/05\/Neintitulat-300x450.png 300w, https:\/\/www.giurgiuveanul.ro\/stiri\/wp-content\/uploads\/2017\/05\/Neintitulat-200x300.png 200w, https:\/\/www.giurgiuveanul.ro\/stiri\/wp-content\/uploads\/2017\/05\/Neintitulat-400x600.png 400w, https:\/\/www.giurgiuveanul.ro\/stiri\/wp-content\/uploads\/2017\/05\/Neintitulat.png 533w\" sizes=\"auto, (max-width: 300px) 100vw, 300px\" \/><\/a>*Unui copil cuminte \u00eei prefer un copil cu minte! Copilul cu minte \u015ftie s\u0103<!--more--> se joace. La care dintre ace\u015fti doi copii se va fi g\u00e2ndit Br\u00e2ncu\u015fi c\u00e2nd a afirmat : <em>C\u00e2nd nu mai e\u015fti copil, ai murit de mult?<\/em><\/p>\n<p style=\"text-align: justify;\">*Aflu c\u0103 la Br\u0103ila cineva \u015fi-a postat pe Facebook\u00a0 o fotografie cu FANT\u00c2NA. Mi-a pl\u0103cut!\u00a0 I-am scris c\u0103 lauda adus\u0103 IZVORULUI\u00a0 este un crez nobil.<\/p>\n<p style=\"text-align: justify;\">*Aflu c\u0103 \u00een Balta S\u0103rat\u0103,Teleorman, \u00a0oamenii satului au umplut cu pietre F\u00c2NT\u00c2NA care l-a salvat pe D\u0103nu\u0163 . Nu mi-a pl\u0103cut! Celor care p\u00e2ng\u0103resc \u00a0IZVORUL, nu \u015ftiu ce s\u0103 le spun!<\/p>\n<p style=\"text-align: justify;\">* Un sportiv din Giurgiu pl\u00e2nge \u015fi m\u0103rturise\u015fte c\u0103 este gata s\u0103 dea 5 ani din via\u0163\u0103, ce spirit de jertf\u0103!!!, numai ca o anumit\u0103 echip\u0103 s\u0103 nu c\u00e2\u015ftige campionatul! Jertfa \u00een numele unui ideal este nobil\u0103! Problema este pentru ce ideal ne jertfim!<\/p>\n<p style=\"text-align: justify;\">*Aflu c\u0103 mul\u0163i dintre liderii europeni nu au copii! Problema nu este dac\u0103 ace\u015fti lideri europeni se g\u00e2ndesc cui vor l\u0103sa mo\u015ftenire averea pe care o au , ci dac\u0103 \u00ee\u015fi pun problema ce \u0163ar\u0103 las\u0103 \u00een urma lor? Pilda marelui \u015etefan, testamentul lui Ien\u0103chi\u0163\u0103 V\u0103c\u0103rescu \u00eendeamn\u0103 la reflec\u0163ie!<\/p>\n<p style=\"text-align: justify;\">*M\u0103-ntreb: -De ce c\u00e2ntecul <em>Noi suntem rom\u00e2ni <\/em>\u00a0a ap\u0103rut la mo\u0163ii din Apuseni \u015fi de ce, \u00een Moldova de peste Prut, c\u00e2ntecul popular rom\u00e2nesc se aude mai&#8230;rom\u00e2ne\u015fte ? Copiii no\u015ftri cu minte ne vor \u00eentreba . S\u0103 \u015ftim ce s\u0103 le r\u0103spundem. Se apropie 1 DECEMBRIE 2018.<\/p>\n<p style=\"text-align: justify;\">*Cit\u00e2nd,zicem \u015fi noi:<\/p>\n<p style=\"text-align: justify;\">Mam\u0103,<\/p>\n<p style=\"text-align: justify;\"><em>\u0162i-ai luat c\u00e2ndva copilul la plimbare<\/em><\/p>\n<p style=\"text-align: justify;\"><em>s\u0103 \u00eei ar\u0103\u0163i ce \u0163ar\u0103 m\u00e2ndr\u0103 are?<\/em><\/p>\n<p style=\"text-align: justify;\"><em>\u015ei c\u0103 cel ce lupt\u0103 pentru ea<\/em><\/p>\n<p style=\"text-align: justify;\"><em>Chiar vr\u00e2nd s\u0103 moar\u0103 nu va mai putea?<\/em><\/p>\n<p style=\"text-align: justify;\">*Parafraz\u00e2nd: &#8211; Nu ne vom putea \u00eentreba niciodat\u0103 de toate, important este s\u0103 ne aplec\u0103m asupra celor pe care le\u00a0 \u00eent\u00e2lnim.<\/p>\n<p style=\"text-align: justify;\">\n<p style=\"text-align: justify;\"><em>Gh.C.Br.<\/em><\/p>\n<p style=\"text-align: justify;\"><em>13\u00a0 mai 2017<\/em><\/p>\n","protected":false},"excerpt":{"rendered":"<p>*Unui copil cuminte \u00eei prefer un copil cu minte! Copilul cu minte \u015ftie s\u0103<\/p>\n","protected":false},"author":1,"featured_media":0,"comment_status":"open","ping_status":"open","sticky":false,"template":"","format":"standard","meta":{"footnotes":""},"categories":[21],"tags":[],"class_list":["post-40573","post","type-post","status-publish","format-standard","hentry","category-opinia-mea"],"_links":{"self":[{"href":"https:\/\/www.giurgiuveanul.ro\/stiri\/wp-json\/wp\/v2\/posts\/40573","targetHints":{"allow":["GET"]}}],"collection":[{"href":"https:\/\/www.giurgiuveanul.ro\/stiri\/wp-json\/wp\/v2\/posts"}],"about":[{"href":"https:\/\/www.giurgiuveanul.ro\/stiri\/wp-json\/wp\/v2\/types\/post"}],"author":[{"embeddable":true,"href":"https:\/\/www.giurgiuveanul.ro\/stiri\/wp-json\/wp\/v2\/users\/1"}],"replies":[{"embeddable":true,"href":"https:\/\/www.giurgiuveanul.ro\/stiri\/wp-json\/wp\/v2\/comments?post=40573"}],"version-history":[{"count":0,"href":"https:\/\/www.giurgiuveanul.ro\/stiri\/wp-json\/wp\/v2\/posts\/40573\/revisions"}],"wp:attachment":[{"href":"https:\/\/www.giurgiuveanul.ro\/stiri\/wp-json\/wp\/v2\/media?parent=40573"}],"wp:term":[{"taxonomy":"category","embeddable":true,"href":"https:\/\/www.giurgiuveanul.ro\/stiri\/wp-json\/wp\/v2\/categories?post=40573"},{"taxonomy":"post_tag","embeddable":true,"href":"https:\/\/www.giurgiuveanul.ro\/stiri\/wp-json\/wp\/v2\/tags?post=40573"}],"curies":[{"name":"wp","href":"https:\/\/api.w.org\/{rel}","templated":true}]}}