{"id":40709,"date":"2017-05-17T08:00:40","date_gmt":"2017-05-17T05:00:40","guid":{"rendered":"https:\/\/www.giurgiuveanul.ro\/stiri\/?p=40709"},"modified":"2017-05-17T08:25:04","modified_gmt":"2017-05-17T05:25:04","slug":"tcft-libertatea-totala-adevarului-2017-sarteano-italia","status":"publish","type":"post","link":"https:\/\/www.giurgiuveanul.ro\/stiri\/tcft-libertatea-totala-adevarului-2017-sarteano-italia\/","title":{"rendered":"TCFT- \u201cLibertatea total\u0103 a adev\u0103rului\u201d 2017, Sarteano, Italia"},"content":{"rendered":"<p style=\"text-align: justify;\"><a href=\"https:\/\/www.giurgiuveanul.ro\/stiri\/wp-content\/uploads\/2017\/05\/Teatru-2.png\"><img loading=\"lazy\" decoding=\"async\" class=\"aligncenter size-large wp-image-40710\" src=\"https:\/\/www.giurgiuveanul.ro\/stiri\/wp-content\/uploads\/2017\/05\/Teatru-2-560x375.png\" alt=\"Teatru 2\" width=\"560\" height=\"375\" srcset=\"https:\/\/www.giurgiuveanul.ro\/stiri\/wp-content\/uploads\/2017\/05\/Teatru-2-560x375.png 560w, https:\/\/www.giurgiuveanul.ro\/stiri\/wp-content\/uploads\/2017\/05\/Teatru-2-250x168.png 250w, https:\/\/www.giurgiuveanul.ro\/stiri\/wp-content\/uploads\/2017\/05\/Teatru-2-400x268.png 400w, https:\/\/www.giurgiuveanul.ro\/stiri\/wp-content\/uploads\/2017\/05\/Teatru-2.png 800w\" sizes=\"auto, (max-width: 560px) 100vw, 560px\" \/><\/a><strong>Sarteano,<\/strong> ora\u015f istoric din provicia italian\u0103 Toscana a fost, <!--more-->\u00eentre 31 martie \u015fi 12 aprilie 2017, gazda celei de a patra edi\u0163ii a proiectului european socio-cultural<strong> TCFT &#8211; \u201cLibertatea total\u0103 a adev\u0103rului\u201d. \u00a0<\/strong><\/p>\n<p style=\"text-align: justify;\"><a href=\"https:\/\/www.giurgiuveanul.ro\/stiri\/wp-content\/uploads\/2017\/05\/Teatru-1.png\"><img loading=\"lazy\" decoding=\"async\" class=\"aligncenter size-large wp-image-40711\" src=\"https:\/\/www.giurgiuveanul.ro\/stiri\/wp-content\/uploads\/2017\/05\/Teatru-1-560x374.png\" alt=\"Teatru 1\" width=\"560\" height=\"374\" srcset=\"https:\/\/www.giurgiuveanul.ro\/stiri\/wp-content\/uploads\/2017\/05\/Teatru-1-560x374.png 560w, https:\/\/www.giurgiuveanul.ro\/stiri\/wp-content\/uploads\/2017\/05\/Teatru-1-250x167.png 250w, https:\/\/www.giurgiuveanul.ro\/stiri\/wp-content\/uploads\/2017\/05\/Teatru-1-400x267.png 400w, https:\/\/www.giurgiuveanul.ro\/stiri\/wp-content\/uploads\/2017\/05\/Teatru-1.png 800w\" sizes=\"auto, (max-width: 560px) 100vw, 560px\" \/><\/a><\/p>\n<p style=\"text-align: justify;\">Aflat pentru prima oar\u0103 \u00een istoria sa \u00eentr-un mare proiect cultural european, Teatrul \u201eTudor Vianu\u201d, prin managerul s\u0103u,\u00a0<strong>Cosmin Cre\u0163u<\/strong>, a reprezentat ora\u015ful \u00een \u00eent\u00e2lnirile cu arti\u015fti \u015fi personalit\u0103\u0163i culturale interna\u0163ionale, \u00een special cu cei din regiunea Valdichiana\u00a0<em> (10 comune toscane asociate sub pre\u015fedin\u0163ia prim\u0103riei din Sarteano),<\/em> stabilind rela\u0163ii de colaborare \u015fi schimburi culturale ce se vor concretiza \u00een viitorul apropiat.<\/p>\n<p style=\"text-align: justify;\">\u201e<em>Aceste contacte cu oameni extraordinari, fie ei profesioni\u015fti ai scenei sau doar oameni motiva\u0163i \u015fi creativi care iubesc arta dar\u00a0 care sunt \u015fi con\u015ftienti de responsabilit\u0103\u0163ile lor sociale, ofer\u0103 ora\u015fului nostru un \u00eenceput promi\u0163\u0103tor \u00een a deschide \u015fi dezvolta colabor\u0103ri cu arta \u015fi cultura contemporan\u0103 european\u0103 \u015fi nu numai<\/em>\u201d &#8211; spunea <strong>Cosmin<\/strong> <strong>Cre\u0163u<\/strong> la plecarea sa din Sarteano.<\/p>\n<p style=\"text-align: justify;\">Un loc unic \u00een aceste \u00eent\u00e2lniri l-au ocupat atelierele\u00a0 trupei <strong>Finger Theater<\/strong> din Tbilisi, atelierele <strong>Arrischianti<\/strong>, cele ale arti\u015ftilor de teatru de strad\u0103 <strong>Schabernack<\/strong> \u015fi mai ales \u00eent\u00e2lnirea cu\u00a0 cei din <strong>Teatro Povero<\/strong> din Monticchiello &#8211; un fabulos \u015fi unic teatru comunitar n\u0103scut dup\u0103 al doilea r\u0103zboi mondial din dorin\u0163a \u015fi hot\u0103r\u00e2rea celor 300 de locuitori ai s\u0103i de a-\u015fi juca pe scen\u0103 propria lor istorie \u015fi de a pune \u00een dezbatere public\u0103 problemele lor directe, emo\u0163ionante \u015fi stringente.<\/p>\n<p style=\"text-align: justify;\"><a href=\"https:\/\/www.giurgiuveanul.ro\/stiri\/wp-content\/uploads\/2017\/05\/Teatru-3.png\"><img loading=\"lazy\" decoding=\"async\" class=\"aligncenter size-large wp-image-40712\" src=\"https:\/\/www.giurgiuveanul.ro\/stiri\/wp-content\/uploads\/2017\/05\/Teatru-3-560x374.png\" alt=\"Teatru 3\" width=\"560\" height=\"374\" srcset=\"https:\/\/www.giurgiuveanul.ro\/stiri\/wp-content\/uploads\/2017\/05\/Teatru-3-560x374.png 560w, https:\/\/www.giurgiuveanul.ro\/stiri\/wp-content\/uploads\/2017\/05\/Teatru-3-250x167.png 250w, https:\/\/www.giurgiuveanul.ro\/stiri\/wp-content\/uploads\/2017\/05\/Teatru-3-400x267.png 400w, https:\/\/www.giurgiuveanul.ro\/stiri\/wp-content\/uploads\/2017\/05\/Teatru-3.png 800w\" sizes=\"auto, (max-width: 560px) 100vw, 560px\" \/><\/a><\/p>\n<p style=\"text-align: justify;\">\u00cen prima zi cei peste 100 de tineri din \u015fapte \u0163\u0103ri au fost primi\u0163i \u00een pia\u0163a central\u0103 de primarul ora\u015fului, iar seara trupa de teatru local\u0103 <strong>Arrischianti<\/strong> a oferit un spectacol \u00een sala teatrului municipal &#8211; o adev\u0103rat\u0103 bijuterie construit\u0103 dup\u0103 celebrul Scala Di Milano.<\/p>\n<p style=\"text-align: justify;\"><strong>Francesco Landi<\/strong>, primarul ora\u015fului Sarteano, spunea la \u00eent\u00e2lnirea cu tinerii: \u201e\u2026<em>vor interac\u0163iona cu locuitorii ora\u015fului \u015fi vor deveni ambasadorii no\u015ftri \u00een lume, povestind \u015fi descriind experien\u0163a tr\u0103it\u0103 la noi. Aceasta este Europa care place: cea care deschide min\u0163ile, face s\u0103 se \u00eent\u00e2lneasc\u0103 culturi diferite \u015fi le face s\u0103 coexiste gener\u00e2nd \u00een continuare o dezvoltare armonioas\u0103<\/em>\u201d.<\/p>\n<p style=\"text-align: justify;\">Dup\u0103 celelalte edi\u0163ii g\u0103zduite de Bosnia \u015fi respectiv de Marea Britanie, Italia a oferit TCFT dou\u0103 s\u0103pt\u0103m\u00e2ni \u00een care arti\u015fti consacra\u0163i \u015fi tineri lideri de comunit\u0103\u0163i din Bosnia, Georgia, Italia, Marea Britanie, Portugalia, Rom\u00e2nia \u015fi Serbia au participat \u00eempreun\u0103 la ateliere, discu\u0163ii, vizite \u015fi schimburi interculturale. Proiectul, aflat la ultima sa edi\u0163ie sub aceast\u0103 form\u0103, a promovat necondi\u0163ionat <strong>principiul accesibilit\u0103\u0163ii\u00a0 publicului la art\u0103 indiferent de preg\u0103tire, ras\u0103, dizabilit\u0103\u0163i, sex sau v\u00e2rst\u0103. <\/strong><\/p>\n<p style=\"text-align: justify;\">Partenerul rom\u00e2n al proiectului &#8211; <strong>Asocia\u0163ia cultural\u0103 VBC<\/strong> &#8211; a invitat anul acesta o echip\u0103 format\u0103 din arti\u015fti \u015fi tineri rom\u00e2ni din Bucure\u015fti, Cluj \u015fi Giurgiu, dar \u015fi Londra.\u00a0 Tinerii s-au \u00eent\u00e2lnit \u015fi au lucrat \u00eempreun\u0103 cu colegii lor europeni \u00een ateliere de <em>Anima\u0163ie, Teatru, Muzic\u0103, Dans, Parkour, Poezie, Arte Vizuale \u015fi Spoken Word <\/em>conduse de ei sau de speciali\u015fti interna\u0163ionali.<\/p>\n<p style=\"text-align: justify;\">Autor al conceptului\u00a0 TCFT \u015fi manager al acestui proiect, <strong>Tina Golden Lee<\/strong> preciza, vorbind despre Asocia\u0163ia VBC \u015fi participan\u0163ii rom\u00e2ni:\u00a0 \u00ab\u00a0\u2026<em>contribu\u0163iile lor artistice \u015fi culturale au fost \u00eentotdeauna de cel mai mare calibru, \u00een special cele ale tinerilor arti\u015fti care particip\u0103 cu talentul \u015fi capacit\u0103\u0163ile lor&#8230;.\u00bb<\/em>.<\/p>\n<p style=\"text-align: justify;\">Celebra trup\u0103 <strong>Fingers Theatre<\/strong> din Tbilisi (Georgia) a maestrului <strong>Beso Kupreishvili <\/strong>(vezi foto) \u015fi-a ar\u0103tat disponibilitatea de a prezenta spectacolele lor publicului din Rom\u00e2nia; la fel \u015fi Laboratorul de Teatru al companiei <strong>Arrischianti <\/strong>din Sarteano condus\u0103 de regizoarea, coregrafa \u015fi scenografa <strong>Laura Fatini.\u00a0<\/strong><\/p>\n<p style=\"text-align: justify;\"><strong>\u00cen urma \u00eent\u00e2lnirilor \u015fi lucrului \u00een atelierere din Sarteano, trupa Fingers Theatre \u015fi cea a Laurei Fantini au acceptat invita\u0163ia lansat\u0103 de Cosmin Cre\u0163u, pentru Festivalul Interna\u0163ional al Teatrelor Dun\u0103rene din aceast\u0103 toamn\u0103!<\/strong><\/p>\n","protected":false},"excerpt":{"rendered":"<p>Sarteano, ora\u015f istoric din provicia italian\u0103 Toscana a fost,<\/p>\n","protected":false},"author":1,"featured_media":0,"comment_status":"open","ping_status":"open","sticky":false,"template":"","format":"standard","meta":{"footnotes":""},"categories":[4],"tags":[],"class_list":["post-40709","post","type-post","status-publish","format-standard","hentry","category-special"],"_links":{"self":[{"href":"https:\/\/www.giurgiuveanul.ro\/stiri\/wp-json\/wp\/v2\/posts\/40709","targetHints":{"allow":["GET"]}}],"collection":[{"href":"https:\/\/www.giurgiuveanul.ro\/stiri\/wp-json\/wp\/v2\/posts"}],"about":[{"href":"https:\/\/www.giurgiuveanul.ro\/stiri\/wp-json\/wp\/v2\/types\/post"}],"author":[{"embeddable":true,"href":"https:\/\/www.giurgiuveanul.ro\/stiri\/wp-json\/wp\/v2\/users\/1"}],"replies":[{"embeddable":true,"href":"https:\/\/www.giurgiuveanul.ro\/stiri\/wp-json\/wp\/v2\/comments?post=40709"}],"version-history":[{"count":0,"href":"https:\/\/www.giurgiuveanul.ro\/stiri\/wp-json\/wp\/v2\/posts\/40709\/revisions"}],"wp:attachment":[{"href":"https:\/\/www.giurgiuveanul.ro\/stiri\/wp-json\/wp\/v2\/media?parent=40709"}],"wp:term":[{"taxonomy":"category","embeddable":true,"href":"https:\/\/www.giurgiuveanul.ro\/stiri\/wp-json\/wp\/v2\/categories?post=40709"},{"taxonomy":"post_tag","embeddable":true,"href":"https:\/\/www.giurgiuveanul.ro\/stiri\/wp-json\/wp\/v2\/tags?post=40709"}],"curies":[{"name":"wp","href":"https:\/\/api.w.org\/{rel}","templated":true}]}}